{"id":42018,"date":"2026-08-31T22:47:06","date_gmt":"2026-08-31T22:47:06","guid":{"rendered":"https:\/\/www.abchukuk.com\/index.php\/2026\/08\/31\/deniz-goktas-tahliye-edildigi-dosyadan-yeniden-tutuklandi\/"},"modified":"2026-08-31T22:47:06","modified_gmt":"2026-08-31T22:47:06","slug":"deniz-goktas-tahliye-edildigi-dosyadan-yeniden-tutuklandi","status":"publish","type":"post","link":"https:\/\/www.abchukuk.com\/index.php\/2026\/08\/31\/deniz-goktas-tahliye-edildigi-dosyadan-yeniden-tutuklandi\/","title":{"rendered":"Deniz G\u00f6kta\u015f Tahliye Edildi\u011fi Dosyadan Yeniden Tutukland\u0131"},"content":{"rendered":"<p><a href=\"https:\/\/www.gercekgundem.com\/guncel\/deniz-goktas-tahliye-edildigi-dosyadan-yeniden-tutuklandi-577787\"><br \/>\n                                                            <img decoding=\"async\" src=\"https:\/\/i.gercekgundem.com\/2\/150\/84\/storage\/files\/images\/2026\/09\/01\/deniz-goktas-tahliye-edildigi-dosyadan-yeniden-tutuklandi-asof.jpg\" width=\"150\" height=\"84\" border=\"0\" align=\"right\" \/><br \/>\n                                                    <\/a><\/p>\n<h4>Stand-up g\u00f6sterisindeki ifadeleri nedeniyle bir s\u00fcredir cezaevinde olan komedyen \u0130mran Deniz G\u00f6kta\u015f, hakk\u0131nda verilen tahliye karar\u0131na savc\u0131l\u0131\u011f\u0131n itiraz etmesi \u00fczerine &#8216;halk\u0131 kin ve d\u00fc\u015fmanl\u0131\u011fa alenen tahrik&#8217; ve &#8216;Cumhurba\u015fkan\u0131na hakaret&#8217; su\u00e7lar\u0131ndan yeniden tutukland\u0131.<\/h4>\n<p>Stand-up g\u00f6sterisindeki ifadeleri nedeniyle bir s\u00fcredir cezaevinde olan komedyen \u0130mran Deniz G\u00f6kta\u015f, hakk\u0131nda verilen tahliye karar\u0131na savc\u0131l\u0131\u011f\u0131n itiraz etmesi \u00fczerine &#8216;halk\u0131 kin ve d\u00fc\u015fmanl\u0131\u011fa alenen tahrik&#8217; ve &#8216;Cumhurba\u015fkan\u0131na hakaret&#8217; su\u00e7lar\u0131ndan yeniden tutukland\u0131.\u00a0<a href=\"https:\/\/www.gercekgundem.com\/guncel\/deniz-goktas-tahliye-edildigi-dosyadan-yeniden-tutuklandi-577787\" target=\"_blank\" class=\"feedzy-rss-link-icon\">Read More<\/a><\/p>","protected":false},"excerpt":{"rendered":"<p>Stand-up g\u00f6sterisindeki ifadeleri nedeniyle bir s\u00fcredir cezaevinde olan komedyen \u0130mran Deniz G\u00f6kta\u015f, hakk\u0131nda verilen tahliye karar\u0131na savc\u0131l\u0131\u011f\u0131n itiraz etmesi \u00fczerine &#8216;halk\u0131 kin ve d\u00fc\u015fmanl\u0131\u011fa alenen tahrik&#8217; ve &#8216;Cumhurba\u015fkan\u0131na hakaret&#8217; su\u00e7lar\u0131ndan yeniden tutukland\u0131. Stand-up g\u00f6sterisindeki ifadeleri nedeniyle bir s\u00fcredir cezaevinde olan komedyen \u0130mran Deniz G\u00f6kta\u015f, hakk\u0131nda verilen tahliye karar\u0131na savc\u0131l\u0131\u011f\u0131n itiraz etmesi \u00fczerine &#8216;halk\u0131 kin ve [&hellip;]<\/p>\n","protected":false},"author":1,"featured_media":42019,"comment_status":"open","ping_status":"open","sticky":false,"template":"","format":"standard","meta":{"footnotes":"","_links_to":"","_links_to_target":""},"categories":[1],"tags":[],"class_list":["post-42018","post","type-post","status-publish","format-standard","has-post-thumbnail","hentry","category-haberler"],"_links":{"self":[{"href":"https:\/\/www.abchukuk.com\/index.php\/wp-json\/wp\/v2\/posts\/42018","targetHints":{"allow":["GET"]}}],"collection":[{"href":"https:\/\/www.abchukuk.com\/index.php\/wp-json\/wp\/v2\/posts"}],"about":[{"href":"https:\/\/www.abchukuk.com\/index.php\/wp-json\/wp\/v2\/types\/post"}],"author":[{"embeddable":true,"href":"https:\/\/www.abchukuk.com\/index.php\/wp-json\/wp\/v2\/users\/1"}],"replies":[{"embeddable":true,"href":"https:\/\/www.abchukuk.com\/index.php\/wp-json\/wp\/v2\/comments?post=42018"}],"version-history":[{"count":0,"href":"https:\/\/www.abchukuk.com\/index.php\/wp-json\/wp\/v2\/posts\/42018\/revisions"}],"wp:featuredmedia":[{"embeddable":true,"href":"https:\/\/www.abchukuk.com\/index.php\/wp-json\/wp\/v2\/media\/42019"}],"wp:attachment":[{"href":"https:\/\/www.abchukuk.com\/index.php\/wp-json\/wp\/v2\/media?parent=42018"}],"wp:term":[{"taxonomy":"category","embeddable":true,"href":"https:\/\/www.abchukuk.com\/index.php\/wp-json\/wp\/v2\/categories?post=42018"},{"taxonomy":"post_tag","embeddable":true,"href":"https:\/\/www.abchukuk.com\/index.php\/wp-json\/wp\/v2\/tags?post=42018"}],"curies":[{"name":"wp","href":"https:\/\/api.w.org\/{rel}","templated":true}]}}