{"id":42014,"date":"2026-08-31T21:02:00","date_gmt":"2026-08-31T21:02:00","guid":{"rendered":"https:\/\/www.abchukuk.com\/index.php\/2026\/08\/31\/chp-kurultay-davasinda-8-kisiye-tahliye-karari-tek-tutuklu-veli-agbabanin-soforu\/"},"modified":"2026-08-31T21:02:00","modified_gmt":"2026-08-31T21:02:00","slug":"chp-kurultay-davasinda-8-kisiye-tahliye-karari-tek-tutuklu-veli-agbabanin-soforu","status":"publish","type":"post","link":"https:\/\/www.abchukuk.com\/index.php\/2026\/08\/31\/chp-kurultay-davasinda-8-kisiye-tahliye-karari-tek-tutuklu-veli-agbabanin-soforu\/","title":{"rendered":"CHP Kurultay davas\u0131nda 8 ki\u015fiye tahliye karar\u0131: Tek tutuklu Veli A\u011fbaba&#8217;n\u0131n \u015fof\u00f6r\u00fc!"},"content":{"rendered":"<p>CHP&#8217;nin 38. Ola\u011fan Kurultay\u0131&#8217;na ili\u015fkin g\u00f6zalt\u0131na al\u0131n\u0131p tutuklanan 9 ki\u015fiden 8&#8217;i hakk\u0131nda tahliye karar\u0131 verildi. Dosyada tek tutuklu isim olarak Veli A\u011fbaba&#8217;n\u0131n \u015fof\u00f6r\u00fc Gaffar \u00c7i\u00e7ek kald\u0131.CHP&#8217;nin 38. Ola\u011fan Kurultay\u0131&#8217;na ili\u015fkin g\u00f6zalt\u0131na al\u0131n\u0131p tutuklanan 9 ki\u015fiden 8&#8217;i hakk\u0131nda tahliye karar\u0131 verildi. Dosyada tek tutuklu isim olarak Veli A\u011fbaba&#8217;n\u0131n \u015fof\u00f6r\u00fc Gaffar \u00c7i\u00e7ek kald\u0131.\u00a0<a href=\"https:\/\/www.cumhuriyet.com.tr\/siyaset\/chp-kurultay-davasinda-8-kisiye-tahliye-karari-tek-tutuklu-veli-agbaba-nin-soforu-2533917\" target=\"_blank\" class=\"feedzy-rss-link-icon\">Read More<\/a><\/p>","protected":false},"excerpt":{"rendered":"<p>CHP&#8217;nin 38. Ola\u011fan Kurultay\u0131&#8217;na ili\u015fkin g\u00f6zalt\u0131na al\u0131n\u0131p tutuklanan 9 ki\u015fiden 8&#8217;i hakk\u0131nda tahliye karar\u0131 verildi. Dosyada tek tutuklu isim olarak Veli A\u011fbaba&#8217;n\u0131n \u015fof\u00f6r\u00fc Gaffar \u00c7i\u00e7ek kald\u0131.CHP&#8217;nin 38. Ola\u011fan Kurultay\u0131&#8217;na ili\u015fkin g\u00f6zalt\u0131na al\u0131n\u0131p tutuklanan 9 ki\u015fiden 8&#8217;i hakk\u0131nda tahliye karar\u0131 verildi. Dosyada tek tutuklu isim olarak Veli A\u011fbaba&#8217;n\u0131n \u015fof\u00f6r\u00fc Gaffar \u00c7i\u00e7ek kald\u0131.\u00a0Read More<\/p>\n","protected":false},"author":1,"featured_media":42015,"comment_status":"open","ping_status":"open","sticky":false,"template":"","format":"standard","meta":{"footnotes":"","_links_to":"","_links_to_target":""},"categories":[1],"tags":[],"class_list":["post-42014","post","type-post","status-publish","format-standard","has-post-thumbnail","hentry","category-haberler"],"_links":{"self":[{"href":"https:\/\/www.abchukuk.com\/index.php\/wp-json\/wp\/v2\/posts\/42014","targetHints":{"allow":["GET"]}}],"collection":[{"href":"https:\/\/www.abchukuk.com\/index.php\/wp-json\/wp\/v2\/posts"}],"about":[{"href":"https:\/\/www.abchukuk.com\/index.php\/wp-json\/wp\/v2\/types\/post"}],"author":[{"embeddable":true,"href":"https:\/\/www.abchukuk.com\/index.php\/wp-json\/wp\/v2\/users\/1"}],"replies":[{"embeddable":true,"href":"https:\/\/www.abchukuk.com\/index.php\/wp-json\/wp\/v2\/comments?post=42014"}],"version-history":[{"count":0,"href":"https:\/\/www.abchukuk.com\/index.php\/wp-json\/wp\/v2\/posts\/42014\/revisions"}],"wp:featuredmedia":[{"embeddable":true,"href":"https:\/\/www.abchukuk.com\/index.php\/wp-json\/wp\/v2\/media\/42015"}],"wp:attachment":[{"href":"https:\/\/www.abchukuk.com\/index.php\/wp-json\/wp\/v2\/media?parent=42014"}],"wp:term":[{"taxonomy":"category","embeddable":true,"href":"https:\/\/www.abchukuk.com\/index.php\/wp-json\/wp\/v2\/categories?post=42014"},{"taxonomy":"post_tag","embeddable":true,"href":"https:\/\/www.abchukuk.com\/index.php\/wp-json\/wp\/v2\/tags?post=42014"}],"curies":[{"name":"wp","href":"https:\/\/api.w.org\/{rel}","templated":true}]}}