{"id":42011,"date":"2026-08-31T21:43:00","date_gmt":"2026-08-31T21:43:00","guid":{"rendered":"https:\/\/www.abchukuk.com\/index.php\/2026\/08\/31\/gokay-cakir-ve-basaran-aksunun-tutukluluguna-300den-fazla-avukatin-imzasiyla-itiraz\/"},"modified":"2026-08-31T21:43:00","modified_gmt":"2026-08-31T21:43:00","slug":"gokay-cakir-ve-basaran-aksunun-tutukluluguna-300den-fazla-avukatin-imzasiyla-itiraz","status":"publish","type":"post","link":"https:\/\/www.abchukuk.com\/index.php\/2026\/08\/31\/gokay-cakir-ve-basaran-aksunun-tutukluluguna-300den-fazla-avukatin-imzasiyla-itiraz\/","title":{"rendered":"G\u00f6kay \u00c7ak\u0131r ve Ba\u015faran Aksu&#8217;nun tutuklulu\u011funa 300&#8217;den fazla avukat\u0131n imzas\u0131yla itiraz"},"content":{"rendered":"<p>Ba\u011f\u0131ms\u0131z Maden-\u0130\u015f Sendikas\u0131, Genel Ba\u015fkan G\u00f6kay \u00c7ak\u0131r ile \u00d6rg\u00fctlenme Uzman\u0131 Ba\u015faran Aksu\u2019nun tutuklulu\u011funa kar\u015f\u0131 300\u2019den fazla avukat\u0131n imzas\u0131n\u0131 ta\u015f\u0131yan itiraz dilek\u00e7esi sunuldu\u011funu bildirdi.Ba\u011f\u0131ms\u0131z Maden-\u0130\u015f Sendikas\u0131, Genel Ba\u015fkan G\u00f6kay \u00c7ak\u0131r ile \u00d6rg\u00fctlenme Uzman\u0131 Ba\u015faran Aksu\u2019nun tutuklulu\u011funa kar\u015f\u0131 300\u2019den fazla avukat\u0131n imzas\u0131n\u0131 ta\u015f\u0131yan itiraz dilek\u00e7esi sunuldu\u011funu bildirdi.\u00a0<a href=\"https:\/\/www.cumhuriyet.com.tr\/turkiye\/gokay-cakir-ve-basaran-aksu-nun-tutukluluguna-300-den-fazla-avukatin-imzasiyla-itiraz-2533926\" target=\"_blank\" class=\"feedzy-rss-link-icon\">Read More<\/a><\/p>","protected":false},"excerpt":{"rendered":"<p>Ba\u011f\u0131ms\u0131z Maden-\u0130\u015f Sendikas\u0131, Genel Ba\u015fkan G\u00f6kay \u00c7ak\u0131r ile \u00d6rg\u00fctlenme Uzman\u0131 Ba\u015faran Aksu\u2019nun tutuklulu\u011funa kar\u015f\u0131 300\u2019den fazla avukat\u0131n imzas\u0131n\u0131 ta\u015f\u0131yan itiraz dilek\u00e7esi sunuldu\u011funu bildirdi.Ba\u011f\u0131ms\u0131z Maden-\u0130\u015f Sendikas\u0131, Genel Ba\u015fkan G\u00f6kay \u00c7ak\u0131r ile \u00d6rg\u00fctlenme Uzman\u0131 Ba\u015faran Aksu\u2019nun tutuklulu\u011funa kar\u015f\u0131 300\u2019den fazla avukat\u0131n imzas\u0131n\u0131 ta\u015f\u0131yan itiraz dilek\u00e7esi sunuldu\u011funu bildirdi.\u00a0Read More<\/p>\n","protected":false},"author":1,"featured_media":42012,"comment_status":"open","ping_status":"open","sticky":false,"template":"","format":"standard","meta":{"footnotes":"","_links_to":"","_links_to_target":""},"categories":[1],"tags":[],"class_list":["post-42011","post","type-post","status-publish","format-standard","has-post-thumbnail","hentry","category-haberler"],"_links":{"self":[{"href":"https:\/\/www.abchukuk.com\/index.php\/wp-json\/wp\/v2\/posts\/42011","targetHints":{"allow":["GET"]}}],"collection":[{"href":"https:\/\/www.abchukuk.com\/index.php\/wp-json\/wp\/v2\/posts"}],"about":[{"href":"https:\/\/www.abchukuk.com\/index.php\/wp-json\/wp\/v2\/types\/post"}],"author":[{"embeddable":true,"href":"https:\/\/www.abchukuk.com\/index.php\/wp-json\/wp\/v2\/users\/1"}],"replies":[{"embeddable":true,"href":"https:\/\/www.abchukuk.com\/index.php\/wp-json\/wp\/v2\/comments?post=42011"}],"version-history":[{"count":0,"href":"https:\/\/www.abchukuk.com\/index.php\/wp-json\/wp\/v2\/posts\/42011\/revisions"}],"wp:featuredmedia":[{"embeddable":true,"href":"https:\/\/www.abchukuk.com\/index.php\/wp-json\/wp\/v2\/media\/42012"}],"wp:attachment":[{"href":"https:\/\/www.abchukuk.com\/index.php\/wp-json\/wp\/v2\/media?parent=42011"}],"wp:term":[{"taxonomy":"category","embeddable":true,"href":"https:\/\/www.abchukuk.com\/index.php\/wp-json\/wp\/v2\/categories?post=42011"},{"taxonomy":"post_tag","embeddable":true,"href":"https:\/\/www.abchukuk.com\/index.php\/wp-json\/wp\/v2\/tags?post=42011"}],"curies":[{"name":"wp","href":"https:\/\/api.w.org\/{rel}","templated":true}]}}