{"id":42003,"date":"2026-08-31T18:13:51","date_gmt":"2026-08-31T18:13:51","guid":{"rendered":"https:\/\/www.abchukuk.com\/index.php\/2026\/08\/31\/kazdaglari-yangininda-flas-gelisme-cezaevine-gonderildi\/"},"modified":"2026-08-31T18:13:51","modified_gmt":"2026-08-31T18:13:51","slug":"kazdaglari-yangininda-flas-gelisme-cezaevine-gonderildi","status":"publish","type":"post","link":"https:\/\/www.abchukuk.com\/index.php\/2026\/08\/31\/kazdaglari-yangininda-flas-gelisme-cezaevine-gonderildi\/","title":{"rendered":"Kazda\u011flar\u0131 Yang\u0131n\u0131nda Fla\u015f Geli\u015fme, Cezaevine G\u00f6nderildi"},"content":{"rendered":"<p><a href=\"https:\/\/www.gercekgundem.com\/guncel\/kazdaglari-yangininda-flas-gelisme-cezaevine-gonderildi-577772\"><br \/>\n                                                            <img decoding=\"async\" src=\"https:\/\/i.gercekgundem.com\/2\/150\/84\/storage\/files\/images\/2026\/08\/31\/kazdaglari-yangininda-flas-gelisme-cezaevine-gonderildi-xkq6.jpg\" width=\"150\" height=\"84\" border=\"0\" align=\"right\" \/><br \/>\n                                                    <\/a><\/p>\n<h4>Bal\u0131kesir\u2019in Edremit il\u00e7esinde, Kazda\u011flar\u0131 Milli Park\u0131 s\u0131n\u0131rlar\u0131 i\u00e7inde \u00e7\u0131kan ve y\u00fcrekleri a\u011fza getiren orman yang\u0131n\u0131na neden oldu\u011fu iddia edilen M.K. isimli \u015f\u00fcpheli, jandarman\u0131n takibi sonucu yakalanarak tutukland\u0131.<\/h4>\n<p>Bal\u0131kesir\u2019in Edremit il\u00e7esinde, Kazda\u011flar\u0131 Milli Park\u0131 s\u0131n\u0131rlar\u0131 i\u00e7inde \u00e7\u0131kan ve y\u00fcrekleri a\u011fza getiren orman yang\u0131n\u0131na neden oldu\u011fu iddia edilen M.K. isimli \u015f\u00fcpheli, jandarman\u0131n takibi sonucu yakalanarak tutukland\u0131.\u00a0<a href=\"https:\/\/www.gercekgundem.com\/guncel\/kazdaglari-yangininda-flas-gelisme-cezaevine-gonderildi-577772\" target=\"_blank\" class=\"feedzy-rss-link-icon\">Read More<\/a><\/p>","protected":false},"excerpt":{"rendered":"<p>Bal\u0131kesir\u2019in Edremit il\u00e7esinde, Kazda\u011flar\u0131 Milli Park\u0131 s\u0131n\u0131rlar\u0131 i\u00e7inde \u00e7\u0131kan ve y\u00fcrekleri a\u011fza getiren orman yang\u0131n\u0131na neden oldu\u011fu iddia edilen M.K. isimli \u015f\u00fcpheli, jandarman\u0131n takibi sonucu yakalanarak tutukland\u0131. Bal\u0131kesir\u2019in Edremit il\u00e7esinde, Kazda\u011flar\u0131 Milli Park\u0131 s\u0131n\u0131rlar\u0131 i\u00e7inde \u00e7\u0131kan ve y\u00fcrekleri a\u011fza getiren orman yang\u0131n\u0131na neden oldu\u011fu iddia edilen M.K. isimli \u015f\u00fcpheli, jandarman\u0131n takibi sonucu yakalanarak tutukland\u0131.\u00a0Read More<\/p>\n","protected":false},"author":1,"featured_media":42004,"comment_status":"open","ping_status":"open","sticky":false,"template":"","format":"standard","meta":{"footnotes":"","_links_to":"","_links_to_target":""},"categories":[1],"tags":[],"class_list":["post-42003","post","type-post","status-publish","format-standard","has-post-thumbnail","hentry","category-haberler"],"_links":{"self":[{"href":"https:\/\/www.abchukuk.com\/index.php\/wp-json\/wp\/v2\/posts\/42003","targetHints":{"allow":["GET"]}}],"collection":[{"href":"https:\/\/www.abchukuk.com\/index.php\/wp-json\/wp\/v2\/posts"}],"about":[{"href":"https:\/\/www.abchukuk.com\/index.php\/wp-json\/wp\/v2\/types\/post"}],"author":[{"embeddable":true,"href":"https:\/\/www.abchukuk.com\/index.php\/wp-json\/wp\/v2\/users\/1"}],"replies":[{"embeddable":true,"href":"https:\/\/www.abchukuk.com\/index.php\/wp-json\/wp\/v2\/comments?post=42003"}],"version-history":[{"count":0,"href":"https:\/\/www.abchukuk.com\/index.php\/wp-json\/wp\/v2\/posts\/42003\/revisions"}],"wp:featuredmedia":[{"embeddable":true,"href":"https:\/\/www.abchukuk.com\/index.php\/wp-json\/wp\/v2\/media\/42004"}],"wp:attachment":[{"href":"https:\/\/www.abchukuk.com\/index.php\/wp-json\/wp\/v2\/media?parent=42003"}],"wp:term":[{"taxonomy":"category","embeddable":true,"href":"https:\/\/www.abchukuk.com\/index.php\/wp-json\/wp\/v2\/categories?post=42003"},{"taxonomy":"post_tag","embeddable":true,"href":"https:\/\/www.abchukuk.com\/index.php\/wp-json\/wp\/v2\/tags?post=42003"}],"curies":[{"name":"wp","href":"https:\/\/api.w.org\/{rel}","templated":true}]}}