{"id":42001,"date":"2026-08-31T18:16:00","date_gmt":"2026-08-31T18:16:00","guid":{"rendered":"https:\/\/www.abchukuk.com\/index.php\/2026\/08\/31\/cezaevinden-hic-cikmadi-deniz-goktas-tahliye-karari-verilen-suclamalardan-yeniden-tutuklandi\/"},"modified":"2026-08-31T18:16:00","modified_gmt":"2026-08-31T18:16:00","slug":"cezaevinden-hic-cikmadi-deniz-goktas-tahliye-karari-verilen-suclamalardan-yeniden-tutuklandi","status":"publish","type":"post","link":"https:\/\/www.abchukuk.com\/index.php\/2026\/08\/31\/cezaevinden-hic-cikmadi-deniz-goktas-tahliye-karari-verilen-suclamalardan-yeniden-tutuklandi\/","title":{"rendered":"Cezaevinden hi\u00e7 \u00e7\u0131kmad\u0131: Deniz G\u00f6kta\u015f, tahliye karar\u0131 verilen su\u00e7lamalardan yeniden tutukland\u0131"},"content":{"rendered":"<p>Komedyen Deniz G\u00f6kta\u015f, hakk\u0131nda tahliye karar\u0131 verilen \u201cCumhurba\u015fkan\u0131na hakaret\u201d ve \u201cHalk\u0131n kin ve d\u00fc\u015fmanl\u0131\u011fa tahrik\u201d su\u00e7lamalar\u0131ndan yeniden tutukland\u0131. Deniz G\u00f6kta\u015f\u2019\u0131n tutuklulu\u011fu \u00fc\u00e7 su\u00e7lamadan s\u00fcrecek.Komedyen Deniz G\u00f6kta\u015f, hakk\u0131nda tahliye karar\u0131 verilen \u201cCumhurba\u015fkan\u0131na hakaret\u201d ve \u201cHalk\u0131n kin ve d\u00fc\u015fmanl\u0131\u011fa tahrik\u201d su\u00e7lamalar\u0131ndan yeniden tutukland\u0131. Deniz G\u00f6kta\u015f\u2019\u0131n tutuklulu\u011fu \u00fc\u00e7 su\u00e7lamadan s\u00fcrecek.\u00a0<a href=\"https:\/\/www.cumhuriyet.com.tr\/turkiye\/cezaevinden-hic-cikmadi-deniz-goktas-tahliye-karari-verilen-suclamalardan-yeniden-tutuklandi-2533871\" target=\"_blank\" class=\"feedzy-rss-link-icon\">Read More<\/a><\/p>","protected":false},"excerpt":{"rendered":"<p>Komedyen Deniz G\u00f6kta\u015f, hakk\u0131nda tahliye karar\u0131 verilen \u201cCumhurba\u015fkan\u0131na hakaret\u201d ve \u201cHalk\u0131n kin ve d\u00fc\u015fmanl\u0131\u011fa tahrik\u201d su\u00e7lamalar\u0131ndan yeniden tutukland\u0131. Deniz G\u00f6kta\u015f\u2019\u0131n tutuklulu\u011fu \u00fc\u00e7 su\u00e7lamadan s\u00fcrecek.Komedyen Deniz G\u00f6kta\u015f, hakk\u0131nda tahliye karar\u0131 verilen \u201cCumhurba\u015fkan\u0131na hakaret\u201d ve \u201cHalk\u0131n kin ve d\u00fc\u015fmanl\u0131\u011fa tahrik\u201d su\u00e7lamalar\u0131ndan yeniden tutukland\u0131. Deniz G\u00f6kta\u015f\u2019\u0131n tutuklulu\u011fu \u00fc\u00e7 su\u00e7lamadan s\u00fcrecek.\u00a0Read More<\/p>\n","protected":false},"author":1,"featured_media":42002,"comment_status":"open","ping_status":"open","sticky":false,"template":"","format":"standard","meta":{"footnotes":"","_links_to":"","_links_to_target":""},"categories":[1],"tags":[],"class_list":["post-42001","post","type-post","status-publish","format-standard","has-post-thumbnail","hentry","category-haberler"],"_links":{"self":[{"href":"https:\/\/www.abchukuk.com\/index.php\/wp-json\/wp\/v2\/posts\/42001","targetHints":{"allow":["GET"]}}],"collection":[{"href":"https:\/\/www.abchukuk.com\/index.php\/wp-json\/wp\/v2\/posts"}],"about":[{"href":"https:\/\/www.abchukuk.com\/index.php\/wp-json\/wp\/v2\/types\/post"}],"author":[{"embeddable":true,"href":"https:\/\/www.abchukuk.com\/index.php\/wp-json\/wp\/v2\/users\/1"}],"replies":[{"embeddable":true,"href":"https:\/\/www.abchukuk.com\/index.php\/wp-json\/wp\/v2\/comments?post=42001"}],"version-history":[{"count":0,"href":"https:\/\/www.abchukuk.com\/index.php\/wp-json\/wp\/v2\/posts\/42001\/revisions"}],"wp:featuredmedia":[{"embeddable":true,"href":"https:\/\/www.abchukuk.com\/index.php\/wp-json\/wp\/v2\/media\/42002"}],"wp:attachment":[{"href":"https:\/\/www.abchukuk.com\/index.php\/wp-json\/wp\/v2\/media?parent=42001"}],"wp:term":[{"taxonomy":"category","embeddable":true,"href":"https:\/\/www.abchukuk.com\/index.php\/wp-json\/wp\/v2\/categories?post=42001"},{"taxonomy":"post_tag","embeddable":true,"href":"https:\/\/www.abchukuk.com\/index.php\/wp-json\/wp\/v2\/tags?post=42001"}],"curies":[{"name":"wp","href":"https:\/\/api.w.org\/{rel}","templated":true}]}}