{"id":41998,"date":"2026-08-31T16:59:39","date_gmt":"2026-08-31T16:59:39","guid":{"rendered":"https:\/\/www.abchukuk.com\/index.php\/2026\/08\/31\/gazeteci-kemal-ozturk-hakkinda-gozalti-karari\/"},"modified":"2026-08-31T16:59:39","modified_gmt":"2026-08-31T16:59:39","slug":"gazeteci-kemal-ozturk-hakkinda-gozalti-karari","status":"publish","type":"post","link":"https:\/\/www.abchukuk.com\/index.php\/2026\/08\/31\/gazeteci-kemal-ozturk-hakkinda-gozalti-karari\/","title":{"rendered":"Gazeteci Kemal \u00d6zt\u00fcrk hakk\u0131nda g\u00f6zalt\u0131 karar\u0131"},"content":{"rendered":"<p>Gazeteci Kemal \u00d6zt\u00fcrk hakk\u0131nda, televizyon program\u0131ndaki ifadeleri nedeniyle g\u00f6zalt\u0131 karar\u0131 verildi. Karar\u0131n Samanda\u011f Cumhuriyet Ba\u015fsavc\u0131l\u0131\u011f\u0131n\u0131n talebi \u00fczerine al\u0131nd\u0131\u011f\u0131 belirtildi.Gazeteci Kemal \u00d6zt\u00fcrk hakk\u0131nda, televizyon program\u0131ndaki ifadeleri nedeniyle g\u00f6zalt\u0131 karar\u0131 verildi. Karar\u0131n Samanda\u011f Cumhuriyet Ba\u015fsavc\u0131l\u0131\u011f\u0131n\u0131n talebi \u00fczerine al\u0131nd\u0131\u011f\u0131 belirtildi.\u00a0<a href=\"https:\/\/anlatilaninotesi.com.tr\/20260831\/gazeteci-kemal-ozturk-hakkinda-gozalti-karari-1108383242.html\" target=\"_blank\" class=\"feedzy-rss-link-icon\">Read More<\/a><\/p>","protected":false},"excerpt":{"rendered":"<p>Gazeteci Kemal \u00d6zt\u00fcrk hakk\u0131nda, televizyon program\u0131ndaki ifadeleri nedeniyle g\u00f6zalt\u0131 karar\u0131 verildi. Karar\u0131n Samanda\u011f Cumhuriyet Ba\u015fsavc\u0131l\u0131\u011f\u0131n\u0131n talebi \u00fczerine al\u0131nd\u0131\u011f\u0131 belirtildi.Gazeteci Kemal \u00d6zt\u00fcrk hakk\u0131nda, televizyon program\u0131ndaki ifadeleri nedeniyle g\u00f6zalt\u0131 karar\u0131 verildi. Karar\u0131n Samanda\u011f Cumhuriyet Ba\u015fsavc\u0131l\u0131\u011f\u0131n\u0131n talebi \u00fczerine al\u0131nd\u0131\u011f\u0131 belirtildi.\u00a0Read More<\/p>\n","protected":false},"author":1,"featured_media":0,"comment_status":"open","ping_status":"open","sticky":false,"template":"","format":"standard","meta":{"footnotes":"","_links_to":"","_links_to_target":""},"categories":[1],"tags":[],"class_list":["post-41998","post","type-post","status-publish","format-standard","hentry","category-haberler"],"_links":{"self":[{"href":"https:\/\/www.abchukuk.com\/index.php\/wp-json\/wp\/v2\/posts\/41998","targetHints":{"allow":["GET"]}}],"collection":[{"href":"https:\/\/www.abchukuk.com\/index.php\/wp-json\/wp\/v2\/posts"}],"about":[{"href":"https:\/\/www.abchukuk.com\/index.php\/wp-json\/wp\/v2\/types\/post"}],"author":[{"embeddable":true,"href":"https:\/\/www.abchukuk.com\/index.php\/wp-json\/wp\/v2\/users\/1"}],"replies":[{"embeddable":true,"href":"https:\/\/www.abchukuk.com\/index.php\/wp-json\/wp\/v2\/comments?post=41998"}],"version-history":[{"count":0,"href":"https:\/\/www.abchukuk.com\/index.php\/wp-json\/wp\/v2\/posts\/41998\/revisions"}],"wp:attachment":[{"href":"https:\/\/www.abchukuk.com\/index.php\/wp-json\/wp\/v2\/media?parent=41998"}],"wp:term":[{"taxonomy":"category","embeddable":true,"href":"https:\/\/www.abchukuk.com\/index.php\/wp-json\/wp\/v2\/categories?post=41998"},{"taxonomy":"post_tag","embeddable":true,"href":"https:\/\/www.abchukuk.com\/index.php\/wp-json\/wp\/v2\/tags?post=41998"}],"curies":[{"name":"wp","href":"https:\/\/api.w.org\/{rel}","templated":true}]}}