{"id":41994,"date":"2026-08-31T14:20:00","date_gmt":"2026-08-31T14:20:00","guid":{"rendered":"https:\/\/www.abchukuk.com\/index.php\/2026\/08\/31\/gazeteci-kemal-ozturk-hakkinda-gozalti-karari-aleviler-icin-kullandigi-sozler-tepki-cekmisti\/"},"modified":"2026-08-31T14:20:00","modified_gmt":"2026-08-31T14:20:00","slug":"gazeteci-kemal-ozturk-hakkinda-gozalti-karari-aleviler-icin-kullandigi-sozler-tepki-cekmisti","status":"publish","type":"post","link":"https:\/\/www.abchukuk.com\/index.php\/2026\/08\/31\/gazeteci-kemal-ozturk-hakkinda-gozalti-karari-aleviler-icin-kullandigi-sozler-tepki-cekmisti\/","title":{"rendered":"Gazeteci Kemal \u00d6zt\u00fcrk Hakk\u0131nda G\u00f6zalt\u0131 Karar\u0131! Aleviler \u0130\u00e7in Kulland\u0131\u011f\u0131 S\u00f6zler Tepki \u00c7ekmi\u015fti"},"content":{"rendered":"<p><a href=\"https:\/\/www.gercekgundem.com\/guncel\/gazeteci-kemal-ozturk-hakkinda-gozalti-karari-aleviler-icin-kullandigi-sozler-tepki-cekmisti-577754\"><br \/>\n                                                            <img decoding=\"async\" src=\"https:\/\/i.gercekgundem.com\/2\/150\/84\/storage\/files\/images\/2026\/08\/31\/gazeteci-kemal-ozturk-hakkinda-gozalti-karari-aleviler-icin-kullandigi-sozler-tepki-cekmisti-bvt1.jpg\" width=\"150\" height=\"84\" border=\"0\" align=\"right\" \/><br \/>\n                                                    <\/a><\/p>\n<h4>Gazeteci Kemal \u00d6zt\u00fcrk hakk\u0131nda, Suriye\u2019deki Arap Alevilerini kastederek sarf etti\u011fi s\u00f6zler nedeniyle Samanda\u011f Cumhuriyet Ba\u015fsavc\u0131l\u0131\u011f\u0131nca ba\u015flat\u0131lan soru\u015fturma kapsam\u0131nda \u00d6zt\u00fcrk&#8217;\u00fcn g\u00f6zalt\u0131na al\u0131narak yar\u0131n SEGB\u0130S \u00fczerinden mevcutlu olarak haz\u0131r edilmesi amac\u0131yla \u0130stanbul Anadolu Cumhuriyet Ba\u015fsavc\u0131l\u0131\u011f\u0131na talimat yaz\u0131ld\u0131.<\/h4>\n<p>Gazeteci Kemal \u00d6zt\u00fcrk hakk\u0131nda, Suriye\u2019deki Arap Alevilerini kastederek sarf etti\u011fi s\u00f6zler nedeniyle Samanda\u011f Cumhuriyet Ba\u015fsavc\u0131l\u0131\u011f\u0131nca ba\u015flat\u0131lan soru\u015fturma kapsam\u0131nda \u00d6zt\u00fcrk&#8217;\u00fcn g\u00f6zalt\u0131na al\u0131narak yar\u0131n SEGB\u0130S \u00fczerinden mevcutlu olarak haz\u0131r edilmesi amac\u0131yla \u0130stanbul Anadolu Cumhuriyet Ba\u015fsavc\u0131l\u0131\u011f\u0131na talimat yaz\u0131ld\u0131.\u00a0<a href=\"https:\/\/www.gercekgundem.com\/guncel\/gazeteci-kemal-ozturk-hakkinda-gozalti-karari-aleviler-icin-kullandigi-sozler-tepki-cekmisti-577754\" target=\"_blank\" class=\"feedzy-rss-link-icon\">Read More<\/a><\/p>","protected":false},"excerpt":{"rendered":"<p>Gazeteci Kemal \u00d6zt\u00fcrk hakk\u0131nda, Suriye\u2019deki Arap Alevilerini kastederek sarf etti\u011fi s\u00f6zler nedeniyle Samanda\u011f Cumhuriyet Ba\u015fsavc\u0131l\u0131\u011f\u0131nca ba\u015flat\u0131lan soru\u015fturma kapsam\u0131nda \u00d6zt\u00fcrk&#8217;\u00fcn g\u00f6zalt\u0131na al\u0131narak yar\u0131n SEGB\u0130S \u00fczerinden mevcutlu olarak haz\u0131r edilmesi amac\u0131yla \u0130stanbul Anadolu Cumhuriyet Ba\u015fsavc\u0131l\u0131\u011f\u0131na talimat yaz\u0131ld\u0131. Gazeteci Kemal \u00d6zt\u00fcrk hakk\u0131nda, Suriye\u2019deki Arap Alevilerini kastederek sarf etti\u011fi s\u00f6zler nedeniyle Samanda\u011f Cumhuriyet Ba\u015fsavc\u0131l\u0131\u011f\u0131nca ba\u015flat\u0131lan soru\u015fturma kapsam\u0131nda \u00d6zt\u00fcrk&#8217;\u00fcn g\u00f6zalt\u0131na [&hellip;]<\/p>\n","protected":false},"author":1,"featured_media":41995,"comment_status":"open","ping_status":"open","sticky":false,"template":"","format":"standard","meta":{"footnotes":"","_links_to":"","_links_to_target":""},"categories":[1],"tags":[],"class_list":["post-41994","post","type-post","status-publish","format-standard","has-post-thumbnail","hentry","category-haberler"],"_links":{"self":[{"href":"https:\/\/www.abchukuk.com\/index.php\/wp-json\/wp\/v2\/posts\/41994","targetHints":{"allow":["GET"]}}],"collection":[{"href":"https:\/\/www.abchukuk.com\/index.php\/wp-json\/wp\/v2\/posts"}],"about":[{"href":"https:\/\/www.abchukuk.com\/index.php\/wp-json\/wp\/v2\/types\/post"}],"author":[{"embeddable":true,"href":"https:\/\/www.abchukuk.com\/index.php\/wp-json\/wp\/v2\/users\/1"}],"replies":[{"embeddable":true,"href":"https:\/\/www.abchukuk.com\/index.php\/wp-json\/wp\/v2\/comments?post=41994"}],"version-history":[{"count":0,"href":"https:\/\/www.abchukuk.com\/index.php\/wp-json\/wp\/v2\/posts\/41994\/revisions"}],"wp:featuredmedia":[{"embeddable":true,"href":"https:\/\/www.abchukuk.com\/index.php\/wp-json\/wp\/v2\/media\/41995"}],"wp:attachment":[{"href":"https:\/\/www.abchukuk.com\/index.php\/wp-json\/wp\/v2\/media?parent=41994"}],"wp:term":[{"taxonomy":"category","embeddable":true,"href":"https:\/\/www.abchukuk.com\/index.php\/wp-json\/wp\/v2\/categories?post=41994"},{"taxonomy":"post_tag","embeddable":true,"href":"https:\/\/www.abchukuk.com\/index.php\/wp-json\/wp\/v2\/tags?post=41994"}],"curies":[{"name":"wp","href":"https:\/\/api.w.org\/{rel}","templated":true}]}}