{"id":41993,"date":"2026-08-31T14:25:18","date_gmt":"2026-08-31T14:25:18","guid":{"rendered":"https:\/\/www.abchukuk.com\/index.php\/2026\/08\/31\/gazeteci-kemal-ozturk-hakkinda-gozalti-talimati-1-eylulde-segbis-uzerinden-hazir-edilecek\/"},"modified":"2026-08-31T14:25:18","modified_gmt":"2026-08-31T14:25:18","slug":"gazeteci-kemal-ozturk-hakkinda-gozalti-talimati-1-eylulde-segbis-uzerinden-hazir-edilecek","status":"publish","type":"post","link":"https:\/\/www.abchukuk.com\/index.php\/2026\/08\/31\/gazeteci-kemal-ozturk-hakkinda-gozalti-talimati-1-eylulde-segbis-uzerinden-hazir-edilecek\/","title":{"rendered":"Gazeteci Kemal \u00d6zt\u00fcrk hakk\u0131nda g\u00f6zalt\u0131 talimat\u0131: 1 Eyl\u00fcl\u2019de SEGB\u0130S \u00fczerinden haz\u0131r edilecek!"},"content":{"rendered":"<p>\u00a0<\/p>\n<p><strong>SON.TV\/HATAY<\/strong><\/p>\n<p>Gazeteci Kemal \u00d6zt\u00fcrk\u2019\u00fcn NTV\u2019de kat\u0131ld\u0131\u011f\u0131 programda Suriye\u2019deki geli\u015fmeleri de\u011ferlendirirken Arap Alevilerine y\u00f6nelik kulland\u0131\u011f\u0131 ifadeler \u00fczerine ba\u015flat\u0131lan adli s\u00fcre\u00e7te yeni bir a\u015famaya ge\u00e7ildi.<\/p>\n<p>Samanda\u011f Cumhuriyet Ba\u015fsavc\u0131l\u0131\u011f\u0131nca y\u00fcr\u00fct\u00fclen soru\u015fturma kapsam\u0131nda m\u00fc\u015fteki s\u0131fat\u0131yla ba\u015fvuruda bulunan ki\u015filerin beyanlar\u0131 al\u0131nd\u0131.<\/p>\n<p><strong>KEMAL \u00d6ZT\u00dcRK HAKKINDA G\u00d6ZALTI TAL\u0130MATI<\/strong><\/p>\n<p>Soru\u015fturma kapsam\u0131nda \u015f\u00fcpheli Kemal \u00d6zt\u00fcrk\u2019\u00fcn g\u00f6zalt\u0131na al\u0131nmas\u0131 amac\u0131yla i\u015flem ba\u015flat\u0131ld\u0131.<\/p>\n<p>\u00d6zt\u00fcrk\u2019\u00fcn \u0130stanbul\u2019da bulunmas\u0131 nedeniyle Samanda\u011f Cumhuriyet Ba\u015fsavc\u0131l\u0131\u011f\u0131ndan \u0130stanbul Anadolu Cumhuriyet Ba\u015fsavc\u0131l\u0131\u011f\u0131na talimat yaz\u0131ld\u0131.<\/p>\n<p><strong>1 EYL\u00dcL\u2019DE SEGB\u0130S \u00dcZER\u0130NDEN HAZIR ED\u0130LECEK<\/strong><\/p>\n<p>Talimat kapsam\u0131nda Kemal \u00d6zt\u00fcrk\u2019\u00fcn g\u00f6zalt\u0131na al\u0131narak 1 Eyl\u00fcl 2026 tarihinde SEGB\u0130S \u00fczerinden mevcutlu olarak haz\u0131r edilmesinin istendi\u011fi \u00f6\u011frenildi.<\/p>\n<p>B\u00f6ylece soru\u015fturmada m\u00fc\u015fteki beyanlar\u0131n\u0131n al\u0131nmas\u0131n\u0131n ard\u0131ndan \u015f\u00fcpheli \u00d6zt\u00fcrk\u2019\u00fcn ifadesinin al\u0131nmas\u0131na y\u00f6nelik s\u00fcrece ge\u00e7ildi.<\/p>\n<p><strong>NTV YAYININDAK\u0130 S\u00d6ZLER SORU\u015eTURMANIN KONUSU OLDU<\/strong><\/p>\n<p>Soru\u015fturman\u0131n, Kemal \u00d6zt\u00fcrk\u2019\u00fcn NTV\u2019de kat\u0131ld\u0131\u011f\u0131 programda Suriye\u2019de ya\u015fanan geli\u015fmeleri de\u011ferlendirirken Arap Alevilerine ili\u015fkin kulland\u0131\u011f\u0131 ifadeler \u00fczerine y\u00fcr\u00fct\u00fcld\u00fc\u011f\u00fc belirtildi.<\/p>\n<p>\u00d6zt\u00fcrk, yay\u0131nda Suriye\u2019de Sednaya Hapishanesi ile Afrin, \u0130dlib ve Halep k\u0131rsal\u0131nda ya\u015fand\u0131\u011f\u0131n\u0131 s\u00f6yledi\u011fi olaylar\u0131 anlat\u0131rken Nusayrilere ili\u015fkin tepki \u00e7eken ifadeler kullanm\u0131\u015ft\u0131.<\/p>\n<p>S\u00f6z konusu a\u00e7\u0131klamalar kamuoyunda tart\u0131\u015fmalara neden olmu\u015f, baz\u0131 siyasi parti temsilcileri ile Alevi kurulu\u015flar\u0131 \u00d6zt\u00fcrk hakk\u0131nda hukuki i\u015flem yap\u0131lmas\u0131 \u00e7a\u011fr\u0131s\u0131nda bulunmu\u015ftu.<\/p>\n<p><strong>\u00d6ZT\u00dcRK\u2019TEN A\u00c7IKLAMA GELM\u0130\u015eT\u0130<\/strong><\/p>\n<p>Kemal \u00d6zt\u00fcrk ise gelen tepkilerin ard\u0131ndan yapt\u0131\u011f\u0131 a\u00e7\u0131klamada, s\u00f6zlerinin ba\u011flam\u0131ndan kopar\u0131ld\u0131\u011f\u0131n\u0131 savunmu\u015ftu.<\/p>\n<p>\u00d6zt\u00fcrk, Suriye\u2019de ya\u015fanan olaylar\u0131n ard\u0131ndan insanlar\u0131n kap\u0131labilece\u011fi duyguyu anlatmaya \u00e7al\u0131\u015ft\u0131\u011f\u0131n\u0131 belirterek, s\u00f6zlerinden \u201ckatliam istedi\u011fi\u201d y\u00f6n\u00fcnde bir anlam \u00e7\u0131kar\u0131lmas\u0131na kar\u015f\u0131 \u00e7\u0131km\u0131\u015ft\u0131.<\/p>\n<p><strong>SORU\u015eTURMA SAMANDA\u011e BA\u015eSAVCILI\u011eINCA Y\u00dcR\u00dcT\u00dcL\u00dcYOR<\/strong><\/p>\n<p>Samanda\u011f Cumhuriyet Ba\u015fsavc\u0131l\u0131\u011f\u0131nca y\u00fcr\u00fct\u00fclen soru\u015fturmada m\u00fc\u015fteki beyanlar\u0131n\u0131n al\u0131nmas\u0131n\u0131n ard\u0131ndan Kemal \u00d6zt\u00fcrk hakk\u0131nda g\u00f6zalt\u0131 i\u015flemi uygulanmas\u0131 ve 1 Eyl\u00fcl\u2019de SEGB\u0130S \u00fczerinden mevcutlu olarak haz\u0131r edilmesi i\u00e7in \u0130stanbul Anadolu Cumhuriyet Ba\u015fsavc\u0131l\u0131\u011f\u0131na talimat g\u00f6nderildi.<\/p>\n<p>Soru\u015fturmadaki adli i\u015flemler devam ediyor.<\/p>\n<p><strong>ET\u0130KETLER: #Kemal\u00d6zt\u00fcrk #Samanda\u011f #Samanda\u011fCumhuriyetBa\u015fsavc\u0131l\u0131\u011f\u0131 #\u0130stanbulAnadoluCumhuriyetBa\u015fsavc\u0131l\u0131\u011f\u0131 #NTV #Suriye #ArapAlevileri #SEGB\u0130S #SonDakika<\/strong><\/p>\n<p>Gazeteci Kemal \u00d6zt\u00fcrk\u2019\u00fcn NTV yay\u0131n\u0131nda Suriye\u2019deki Arap Alevilerine ili\u015fkin kulland\u0131\u011f\u0131 s\u00f6zlerle ilgili Samanda\u011f Cumhuriyet Ba\u015fsavc\u0131l\u0131\u011f\u0131nca y\u00fcr\u00fct\u00fclen soru\u015fturmada yeni bir geli\u015fme ya\u015fand\u0131. Soru\u015fturma kapsam\u0131nda m\u00fc\u015fteki beyanlar\u0131 al\u0131n\u0131rken, \u00d6zt\u00fcrk\u2019\u00fcn g\u00f6zalt\u0131na al\u0131narak 1 Eyl\u00fcl 2026 tarihinde SEGB\u0130S \u00fczerinden mevcutlu olarak haz\u0131r edilmesi amac\u0131yla \u0130stanbul Anadolu Cumhuriyet Ba\u015fsavc\u0131l\u0131\u011f\u0131na talimat yaz\u0131ld\u0131.\u00a0<a href=\"https:\/\/www.son.tv\/gazeteci-kemal-ozturk-hakkinda-gozalti-talimati-1-eylulde-segbis-uzerinden-hazir-edilecek\/\" target=\"_blank\" class=\"feedzy-rss-link-icon\">Read More<\/a><\/p>","protected":false},"excerpt":{"rendered":"<p>\u00a0 SON.TV\/HATAY Gazeteci Kemal \u00d6zt\u00fcrk\u2019\u00fcn NTV\u2019de kat\u0131ld\u0131\u011f\u0131 programda Suriye\u2019deki geli\u015fmeleri de\u011ferlendirirken Arap Alevilerine y\u00f6nelik kulland\u0131\u011f\u0131 ifadeler \u00fczerine ba\u015flat\u0131lan adli s\u00fcre\u00e7te yeni bir a\u015famaya ge\u00e7ildi. Samanda\u011f Cumhuriyet Ba\u015fsavc\u0131l\u0131\u011f\u0131nca y\u00fcr\u00fct\u00fclen soru\u015fturma kapsam\u0131nda m\u00fc\u015fteki s\u0131fat\u0131yla ba\u015fvuruda bulunan ki\u015filerin beyanlar\u0131 al\u0131nd\u0131. KEMAL \u00d6ZT\u00dcRK HAKKINDA G\u00d6ZALTI TAL\u0130MATI Soru\u015fturma kapsam\u0131nda \u015f\u00fcpheli Kemal \u00d6zt\u00fcrk\u2019\u00fcn g\u00f6zalt\u0131na al\u0131nmas\u0131 amac\u0131yla i\u015flem ba\u015flat\u0131ld\u0131. \u00d6zt\u00fcrk\u2019\u00fcn \u0130stanbul\u2019da bulunmas\u0131 [&hellip;]<\/p>\n","protected":false},"author":1,"featured_media":0,"comment_status":"open","ping_status":"open","sticky":false,"template":"","format":"standard","meta":{"footnotes":"","_links_to":"","_links_to_target":""},"categories":[1],"tags":[],"class_list":["post-41993","post","type-post","status-publish","format-standard","hentry","category-haberler"],"_links":{"self":[{"href":"https:\/\/www.abchukuk.com\/index.php\/wp-json\/wp\/v2\/posts\/41993","targetHints":{"allow":["GET"]}}],"collection":[{"href":"https:\/\/www.abchukuk.com\/index.php\/wp-json\/wp\/v2\/posts"}],"about":[{"href":"https:\/\/www.abchukuk.com\/index.php\/wp-json\/wp\/v2\/types\/post"}],"author":[{"embeddable":true,"href":"https:\/\/www.abchukuk.com\/index.php\/wp-json\/wp\/v2\/users\/1"}],"replies":[{"embeddable":true,"href":"https:\/\/www.abchukuk.com\/index.php\/wp-json\/wp\/v2\/comments?post=41993"}],"version-history":[{"count":0,"href":"https:\/\/www.abchukuk.com\/index.php\/wp-json\/wp\/v2\/posts\/41993\/revisions"}],"wp:attachment":[{"href":"https:\/\/www.abchukuk.com\/index.php\/wp-json\/wp\/v2\/media?parent=41993"}],"wp:term":[{"taxonomy":"category","embeddable":true,"href":"https:\/\/www.abchukuk.com\/index.php\/wp-json\/wp\/v2\/categories?post=41993"},{"taxonomy":"post_tag","embeddable":true,"href":"https:\/\/www.abchukuk.com\/index.php\/wp-json\/wp\/v2\/tags?post=41993"}],"curies":[{"name":"wp","href":"https:\/\/api.w.org\/{rel}","templated":true}]}}