{"id":41991,"date":"2026-08-31T14:30:00","date_gmt":"2026-08-31T14:30:00","guid":{"rendered":"https:\/\/www.abchukuk.com\/index.php\/2026\/08\/31\/son-dakika-gazeteci-kemal-ozturke-katliam-gondermesi-uzerine-gozalti-karari\/"},"modified":"2026-08-31T14:30:00","modified_gmt":"2026-08-31T14:30:00","slug":"son-dakika-gazeteci-kemal-ozturke-katliam-gondermesi-uzerine-gozalti-karari","status":"publish","type":"post","link":"https:\/\/www.abchukuk.com\/index.php\/2026\/08\/31\/son-dakika-gazeteci-kemal-ozturke-katliam-gondermesi-uzerine-gozalti-karari\/","title":{"rendered":"Son dakika&#8230; Gazeteci Kemal \u00d6zt\u00fcrk&#8217;e &#8216;katliam&#8217; g\u00f6ndermesi \u00fczerine g\u00f6zalt\u0131 karar\u0131"},"content":{"rendered":"<p>Gazeteci Kemal \u00d6zt\u00fcrk hakk\u0131nda Samanda\u011f Cumhuriyet Ba\u015fsavc\u0131l\u0131\u011f\u0131nca y\u00fcr\u00fct\u00fclen soru\u015fturma kapsam\u0131nda hakk\u0131nda g\u00f6zalt\u0131 karar\u0131 verildi. \u00d6zt\u00fcrk&#8217;le ilgili olarak bir televizyon program\u0131nda Arap Alevileri hedef ald\u0131\u011f\u0131 s\u00f6zleri nedeniyle soru\u015fturma ba\u015flat\u0131ld\u0131.Gazeteci Kemal \u00d6zt\u00fcrk hakk\u0131nda Samanda\u011f Cumhuriyet Ba\u015fsavc\u0131l\u0131\u011f\u0131nca y\u00fcr\u00fct\u00fclen soru\u015fturma kapsam\u0131nda hakk\u0131nda g\u00f6zalt\u0131 karar\u0131 verildi. \u00d6zt\u00fcrk&#8217;le ilgili olarak bir televizyon program\u0131nda Arap Alevileri hedef ald\u0131\u011f\u0131 s\u00f6zleri nedeniyle soru\u015fturma ba\u015flat\u0131ld\u0131.\u00a0<a href=\"https:\/\/www.cumhuriyet.com.tr\/siyaset\/son-dakika-gazeteci-kemal-ozturk-e-katliam-gondermesi-uzerine-gozalti-karari-2533833\" target=\"_blank\" class=\"feedzy-rss-link-icon\">Read More<\/a><\/p>","protected":false},"excerpt":{"rendered":"<p>Gazeteci Kemal \u00d6zt\u00fcrk hakk\u0131nda Samanda\u011f Cumhuriyet Ba\u015fsavc\u0131l\u0131\u011f\u0131nca y\u00fcr\u00fct\u00fclen soru\u015fturma kapsam\u0131nda hakk\u0131nda g\u00f6zalt\u0131 karar\u0131 verildi. \u00d6zt\u00fcrk&#8217;le ilgili olarak bir televizyon program\u0131nda Arap Alevileri hedef ald\u0131\u011f\u0131 s\u00f6zleri nedeniyle soru\u015fturma ba\u015flat\u0131ld\u0131.Gazeteci Kemal \u00d6zt\u00fcrk hakk\u0131nda Samanda\u011f Cumhuriyet Ba\u015fsavc\u0131l\u0131\u011f\u0131nca y\u00fcr\u00fct\u00fclen soru\u015fturma kapsam\u0131nda hakk\u0131nda g\u00f6zalt\u0131 karar\u0131 verildi. \u00d6zt\u00fcrk&#8217;le ilgili olarak bir televizyon program\u0131nda Arap Alevileri hedef ald\u0131\u011f\u0131 s\u00f6zleri nedeniyle soru\u015fturma ba\u015flat\u0131ld\u0131.\u00a0Read [&hellip;]<\/p>\n","protected":false},"author":1,"featured_media":41992,"comment_status":"open","ping_status":"open","sticky":false,"template":"","format":"standard","meta":{"footnotes":"","_links_to":"","_links_to_target":""},"categories":[1],"tags":[],"class_list":["post-41991","post","type-post","status-publish","format-standard","has-post-thumbnail","hentry","category-haberler"],"_links":{"self":[{"href":"https:\/\/www.abchukuk.com\/index.php\/wp-json\/wp\/v2\/posts\/41991","targetHints":{"allow":["GET"]}}],"collection":[{"href":"https:\/\/www.abchukuk.com\/index.php\/wp-json\/wp\/v2\/posts"}],"about":[{"href":"https:\/\/www.abchukuk.com\/index.php\/wp-json\/wp\/v2\/types\/post"}],"author":[{"embeddable":true,"href":"https:\/\/www.abchukuk.com\/index.php\/wp-json\/wp\/v2\/users\/1"}],"replies":[{"embeddable":true,"href":"https:\/\/www.abchukuk.com\/index.php\/wp-json\/wp\/v2\/comments?post=41991"}],"version-history":[{"count":0,"href":"https:\/\/www.abchukuk.com\/index.php\/wp-json\/wp\/v2\/posts\/41991\/revisions"}],"wp:featuredmedia":[{"embeddable":true,"href":"https:\/\/www.abchukuk.com\/index.php\/wp-json\/wp\/v2\/media\/41992"}],"wp:attachment":[{"href":"https:\/\/www.abchukuk.com\/index.php\/wp-json\/wp\/v2\/media?parent=41991"}],"wp:term":[{"taxonomy":"category","embeddable":true,"href":"https:\/\/www.abchukuk.com\/index.php\/wp-json\/wp\/v2\/categories?post=41991"},{"taxonomy":"post_tag","embeddable":true,"href":"https:\/\/www.abchukuk.com\/index.php\/wp-json\/wp\/v2\/tags?post=41991"}],"curies":[{"name":"wp","href":"https:\/\/api.w.org\/{rel}","templated":true}]}}