{"id":41989,"date":"2026-08-31T14:54:00","date_gmt":"2026-08-31T14:54:00","guid":{"rendered":"https:\/\/www.abchukuk.com\/index.php\/2026\/08\/31\/adalet-bakanligi-dugmeye-basti-akin-gurlek-duyurdu-davalari-hizlandiracak-yeni-yasal-duzenleme-geliyor\/"},"modified":"2026-08-31T14:54:00","modified_gmt":"2026-08-31T14:54:00","slug":"adalet-bakanligi-dugmeye-basti-akin-gurlek-duyurdu-davalari-hizlandiracak-yeni-yasal-duzenleme-geliyor","status":"publish","type":"post","link":"https:\/\/www.abchukuk.com\/index.php\/2026\/08\/31\/adalet-bakanligi-dugmeye-basti-akin-gurlek-duyurdu-davalari-hizlandiracak-yeni-yasal-duzenleme-geliyor\/","title":{"rendered":"Adalet Bakanl\u0131\u011f\u0131 D\u00fc\u011fmeye Bast\u0131, Ak\u0131n G\u00fcrlek Duyurdu: Davalar\u0131 H\u0131zland\u0131racak Yeni Yasal D\u00fczenleme Geliyor"},"content":{"rendered":"<p><a href=\"https:\/\/www.gercekgundem.com\/guncel\/adalet-bakanligi-dugmeye-basti-akin-gurlek-duyurdu-davalari-hizlandiracak-yeni-yasal-duzenleme-geliyor-577758\"><br \/>\n                                                            <img decoding=\"async\" src=\"https:\/\/i.gercekgundem.com\/2\/150\/84\/storage\/files\/images\/2026\/08\/31\/adalet-bakanligi-dugmeye-basti-akin-gurlek-duyurdu-davalari-hizlandiracak-yeni-yasal-duzenleme-geliyor-3n1f.jpg\" width=\"150\" height=\"84\" border=\"0\" align=\"right\" \/><br \/>\n                                                    <\/a><\/p>\n<h4>Ankara Bat\u0131 Adliyesi&#8217;ni ziyaret eden Adalet Bakan\u0131 Ak\u0131n G\u00fcrlek, yarg\u0131lama s\u00fcrelerini k\u0131saltacak reformlar\u0131 duyurdu. 12. Yarg\u0131 Paketi ile ekim ay\u0131nda yeni yasal d\u00fczenlemelerin gelece\u011fini belirten Bakan G\u00fcrlek, &#8216;Alo Adalet 135&#8217; hatt\u0131n\u0131n da 1 Eyl\u00fcl itibar\u0131yla hizmete ba\u015flayaca\u011f\u0131n\u0131 a\u00e7\u0131klad\u0131.<\/h4>\n<p>Ankara Bat\u0131 Adliyesi&#8217;ni ziyaret eden Adalet Bakan\u0131 Ak\u0131n G\u00fcrlek, yarg\u0131lama s\u00fcrelerini k\u0131saltacak reformlar\u0131 duyurdu. 12. Yarg\u0131 Paketi ile ekim ay\u0131nda yeni yasal d\u00fczenlemelerin gelece\u011fini belirten Bakan G\u00fcrlek, &#8216;Alo Adalet 135&#8217; hatt\u0131n\u0131n da 1 Eyl\u00fcl itibar\u0131yla hizmete ba\u015flayaca\u011f\u0131n\u0131 a\u00e7\u0131klad\u0131.\u00a0<a href=\"https:\/\/www.gercekgundem.com\/guncel\/adalet-bakanligi-dugmeye-basti-akin-gurlek-duyurdu-davalari-hizlandiracak-yeni-yasal-duzenleme-geliyor-577758\" target=\"_blank\" class=\"feedzy-rss-link-icon\">Read More<\/a><\/p>","protected":false},"excerpt":{"rendered":"<p>Ankara Bat\u0131 Adliyesi&#8217;ni ziyaret eden Adalet Bakan\u0131 Ak\u0131n G\u00fcrlek, yarg\u0131lama s\u00fcrelerini k\u0131saltacak reformlar\u0131 duyurdu. 12. Yarg\u0131 Paketi ile ekim ay\u0131nda yeni yasal d\u00fczenlemelerin gelece\u011fini belirten Bakan G\u00fcrlek, &#8216;Alo Adalet 135&#8217; hatt\u0131n\u0131n da 1 Eyl\u00fcl itibar\u0131yla hizmete ba\u015flayaca\u011f\u0131n\u0131 a\u00e7\u0131klad\u0131. Ankara Bat\u0131 Adliyesi&#8217;ni ziyaret eden Adalet Bakan\u0131 Ak\u0131n G\u00fcrlek, yarg\u0131lama s\u00fcrelerini k\u0131saltacak reformlar\u0131 duyurdu. 12. Yarg\u0131 Paketi [&hellip;]<\/p>\n","protected":false},"author":1,"featured_media":41990,"comment_status":"open","ping_status":"open","sticky":false,"template":"","format":"standard","meta":{"footnotes":"","_links_to":"","_links_to_target":""},"categories":[1],"tags":[],"class_list":["post-41989","post","type-post","status-publish","format-standard","has-post-thumbnail","hentry","category-haberler"],"_links":{"self":[{"href":"https:\/\/www.abchukuk.com\/index.php\/wp-json\/wp\/v2\/posts\/41989","targetHints":{"allow":["GET"]}}],"collection":[{"href":"https:\/\/www.abchukuk.com\/index.php\/wp-json\/wp\/v2\/posts"}],"about":[{"href":"https:\/\/www.abchukuk.com\/index.php\/wp-json\/wp\/v2\/types\/post"}],"author":[{"embeddable":true,"href":"https:\/\/www.abchukuk.com\/index.php\/wp-json\/wp\/v2\/users\/1"}],"replies":[{"embeddable":true,"href":"https:\/\/www.abchukuk.com\/index.php\/wp-json\/wp\/v2\/comments?post=41989"}],"version-history":[{"count":0,"href":"https:\/\/www.abchukuk.com\/index.php\/wp-json\/wp\/v2\/posts\/41989\/revisions"}],"wp:featuredmedia":[{"embeddable":true,"href":"https:\/\/www.abchukuk.com\/index.php\/wp-json\/wp\/v2\/media\/41990"}],"wp:attachment":[{"href":"https:\/\/www.abchukuk.com\/index.php\/wp-json\/wp\/v2\/media?parent=41989"}],"wp:term":[{"taxonomy":"category","embeddable":true,"href":"https:\/\/www.abchukuk.com\/index.php\/wp-json\/wp\/v2\/categories?post=41989"},{"taxonomy":"post_tag","embeddable":true,"href":"https:\/\/www.abchukuk.com\/index.php\/wp-json\/wp\/v2\/tags?post=41989"}],"curies":[{"name":"wp","href":"https:\/\/api.w.org\/{rel}","templated":true}]}}