{"id":41988,"date":"2026-08-31T15:02:40","date_gmt":"2026-08-31T15:02:40","guid":{"rendered":"https:\/\/www.abchukuk.com\/index.php\/2026\/08\/31\/gazeteci-kemal-ozturk-icin-gozalti-karari\/"},"modified":"2026-08-31T15:02:40","modified_gmt":"2026-08-31T15:02:40","slug":"gazeteci-kemal-ozturk-icin-gozalti-karari","status":"publish","type":"post","link":"https:\/\/www.abchukuk.com\/index.php\/2026\/08\/31\/gazeteci-kemal-ozturk-icin-gozalti-karari\/","title":{"rendered":"Gazeteci Kemal \u00d6zt\u00fcrk i\u00e7in g\u00f6zalt\u0131 karar\u0131"},"content":{"rendered":"<p>Gazeteci Kemal \u00d6zt\u00fcrk hakk\u0131nda, kat\u0131ld\u0131\u011f\u0131 televizyon program\u0131nda kulland\u0131\u011f\u0131 s\u00f6zleri nedeniyle Samanda\u011f Cumhuriyet Ba\u015fsavc\u0131l\u0131\u011f\u0131nca y\u00fcr\u00fct\u00fclen soru\u015fturma kapsam\u0131nda g\u00f6zalt\u0131 karar\u0131 verildi.Gazeteci Kemal \u00d6zt\u00fcrk hakk\u0131nda, kat\u0131ld\u0131\u011f\u0131 televizyon program\u0131nda kulland\u0131\u011f\u0131 s\u00f6zleri nedeniyle Samanda\u011f Cumhuriyet Ba\u015fsavc\u0131l\u0131\u011f\u0131nca y\u00fcr\u00fct\u00fclen soru\u015fturma kapsam\u0131nda g\u00f6zalt\u0131 karar\u0131 verildi.\u00a0<a href=\"https:\/\/www.haberturk.com\/gazeteci-kemal-ozturk-icin-gozalti-karari-3909327\" target=\"_blank\" class=\"feedzy-rss-link-icon\">Read More<\/a><\/p>","protected":false},"excerpt":{"rendered":"<p>Gazeteci Kemal \u00d6zt\u00fcrk hakk\u0131nda, kat\u0131ld\u0131\u011f\u0131 televizyon program\u0131nda kulland\u0131\u011f\u0131 s\u00f6zleri nedeniyle Samanda\u011f Cumhuriyet Ba\u015fsavc\u0131l\u0131\u011f\u0131nca y\u00fcr\u00fct\u00fclen soru\u015fturma kapsam\u0131nda g\u00f6zalt\u0131 karar\u0131 verildi.Gazeteci Kemal \u00d6zt\u00fcrk hakk\u0131nda, kat\u0131ld\u0131\u011f\u0131 televizyon program\u0131nda kulland\u0131\u011f\u0131 s\u00f6zleri nedeniyle Samanda\u011f Cumhuriyet Ba\u015fsavc\u0131l\u0131\u011f\u0131nca y\u00fcr\u00fct\u00fclen soru\u015fturma kapsam\u0131nda g\u00f6zalt\u0131 karar\u0131 verildi.\u00a0Read More<\/p>\n","protected":false},"author":1,"featured_media":0,"comment_status":"open","ping_status":"open","sticky":false,"template":"","format":"standard","meta":{"footnotes":"","_links_to":"","_links_to_target":""},"categories":[1],"tags":[],"class_list":["post-41988","post","type-post","status-publish","format-standard","hentry","category-haberler"],"_links":{"self":[{"href":"https:\/\/www.abchukuk.com\/index.php\/wp-json\/wp\/v2\/posts\/41988","targetHints":{"allow":["GET"]}}],"collection":[{"href":"https:\/\/www.abchukuk.com\/index.php\/wp-json\/wp\/v2\/posts"}],"about":[{"href":"https:\/\/www.abchukuk.com\/index.php\/wp-json\/wp\/v2\/types\/post"}],"author":[{"embeddable":true,"href":"https:\/\/www.abchukuk.com\/index.php\/wp-json\/wp\/v2\/users\/1"}],"replies":[{"embeddable":true,"href":"https:\/\/www.abchukuk.com\/index.php\/wp-json\/wp\/v2\/comments?post=41988"}],"version-history":[{"count":0,"href":"https:\/\/www.abchukuk.com\/index.php\/wp-json\/wp\/v2\/posts\/41988\/revisions"}],"wp:attachment":[{"href":"https:\/\/www.abchukuk.com\/index.php\/wp-json\/wp\/v2\/media?parent=41988"}],"wp:term":[{"taxonomy":"category","embeddable":true,"href":"https:\/\/www.abchukuk.com\/index.php\/wp-json\/wp\/v2\/categories?post=41988"},{"taxonomy":"post_tag","embeddable":true,"href":"https:\/\/www.abchukuk.com\/index.php\/wp-json\/wp\/v2\/tags?post=41988"}],"curies":[{"name":"wp","href":"https:\/\/api.w.org\/{rel}","templated":true}]}}