{"id":41984,"date":"2026-08-31T15:42:52","date_gmt":"2026-08-31T15:42:52","guid":{"rendered":"https:\/\/www.abchukuk.com\/index.php\/2026\/08\/31\/adalet-bakani-gurlek-ankara-bati-adliyesinde-yeni-donemi-baslatti-yargi-hizmetlerinin-etkinligi-burosu-acildi\/"},"modified":"2026-08-31T15:42:52","modified_gmt":"2026-08-31T15:42:52","slug":"adalet-bakani-gurlek-ankara-bati-adliyesinde-yeni-donemi-baslatti-yargi-hizmetlerinin-etkinligi-burosu-acildi","status":"publish","type":"post","link":"https:\/\/www.abchukuk.com\/index.php\/2026\/08\/31\/adalet-bakani-gurlek-ankara-bati-adliyesinde-yeni-donemi-baslatti-yargi-hizmetlerinin-etkinligi-burosu-acildi\/","title":{"rendered":"Adalet Bakan\u0131 G\u00fcrlek Ankara Bat\u0131 Adliyesi\u2019nde yeni d\u00f6nemi ba\u015flatt\u0131: Yarg\u0131 Hizmetlerinin Etkinli\u011fi B\u00fcrosu a\u00e7\u0131ld\u0131"},"content":{"rendered":"<p><strong>SON.TV\/ANKARA<\/strong><\/p>\n<p>Adalet Bakan\u0131 Ak\u0131n G\u00fcrlek, Ankara Bat\u0131 Adliyesi\u2019nde yarg\u0131 hizmetlerinin daha h\u0131zl\u0131 ve etkin y\u00fcr\u00fct\u00fclmesine y\u00f6nelik olu\u015fturulan Yarg\u0131 Hizmetlerinin Etkinli\u011fi B\u00fcrosu\u2019nun a\u00e7\u0131l\u0131\u015f\u0131n\u0131 ger\u00e7ekle\u015ftirdi.<\/p>\n<p>A\u00e7\u0131l\u0131\u015f\u0131n ard\u0131ndan Ankara Bat\u0131 Adliyesi\u2019nde g\u00f6rev yapan h\u00e2kim ve savc\u0131larla bir araya gelen Bakan G\u00fcrlek, yarg\u0131 s\u00fcre\u00e7lerinin h\u0131zland\u0131r\u0131lmas\u0131na y\u00f6nelik y\u00fcr\u00fct\u00fclen \u00e7al\u0131\u015fmalar\u0131 anlatt\u0131.<\/p>\n<p><strong>G\u00dcRLEK: EN \u00d6NEML\u0130 KONU YARGININ HIZLANDIRILMASI<\/strong><\/p>\n<p>Vatanda\u015flar\u0131n yarg\u0131 hizmetlerine ili\u015fkin en \u00f6nemli \u015fik\u00e2yetlerinden birinin davalar\u0131n ge\u00e7 sonu\u00e7lanmas\u0131 ve dosyalar\u0131n s\u00fcr\u00fcncemede kalmas\u0131 oldu\u011funu belirten G\u00fcrlek, yarg\u0131n\u0131n h\u0131zland\u0131r\u0131lmas\u0131na \u00f6ncelik verdiklerini s\u00f6yledi.<\/p>\n<p>Bakan G\u00fcrlek, \u201c\u015eu an bizim i\u00e7in en \u00f6nemli konu yarg\u0131n\u0131n h\u0131zland\u0131r\u0131lmas\u0131\u201d ifadelerini kullanarak, bu do\u011frultuda hem yasal hem de idari \u00e7al\u0131\u015fmalar y\u00fcr\u00fct\u00fcld\u00fc\u011f\u00fcn\u00fc kaydetti.<\/p>\n<p>\u00a0<\/p>\n<p><img fetchpriority=\"high\" decoding=\"async\" class=\"alignnone size-medium wp-image-196705\" src=\"https:\/\/www.son.tv\/wp-content\/uploads\/2026\/08\/IMG_7413-300x171.jpeg\" alt=\"\" width=\"300\" height=\"171\" \/><\/p>\n<p><strong>12. YARGI PAKET\u0130 \u0130\u00c7\u0130N EK\u0130M AYINI \u0130\u015eARET ETT\u0130<\/strong><\/p>\n<p>Bakan G\u00fcrlek, 12. Yarg\u0131 Paketi kapsam\u0131nda yarg\u0131 s\u00fcre\u00e7lerinin h\u0131zland\u0131r\u0131lmas\u0131 amac\u0131yla \u00f6nemli ad\u0131mlar at\u0131ld\u0131\u011f\u0131n\u0131 belirtti.<\/p>\n<p>Paketin bir b\u00f6l\u00fcm\u00fcne ili\u015fkin yeni d\u00fczenlemelerin ekim ay\u0131nda g\u00fcndeme gelece\u011fini a\u00e7\u0131klayan G\u00fcrlek, burada da yarg\u0131 s\u00fcre\u00e7lerini h\u0131zland\u0131rmaya y\u00f6nelik baz\u0131 yasal d\u00fczenlemelerin yap\u0131laca\u011f\u0131n\u0131 s\u00f6yledi.<\/p>\n<p>G\u00fcrlek, H\u00e2kimler ve Savc\u0131lar Kurulu\u2019nun da yasal d\u00fczenlemelerin d\u0131\u015f\u0131nda yarg\u0131daki gecikmelerin \u00f6n\u00fcne ge\u00e7ilmesine y\u00f6nelik \u00e7al\u0131\u015fmalar y\u00fcr\u00fctt\u00fc\u011f\u00fcn\u00fc ifade etti.<\/p>\n<p><strong>YARGI H\u0130ZMETLER\u0130N\u0130N ETK\u0130NL\u0130\u011e\u0130 B\u00dcROSU A\u00c7ILDI<\/strong><\/p>\n<p>Ankara Bat\u0131 Adliyesi\u2019nde a\u00e7\u0131l\u0131\u015f\u0131 ger\u00e7ekle\u015ftirilen Yarg\u0131 Hizmetlerinin Etkinli\u011fi B\u00fcrosu, uzun s\u00fcren dava ve soru\u015fturmalar\u0131n nedenlerinin tespit edilmesi ve yarg\u0131sal s\u00fcre\u00e7lerde ya\u015fanan gecikmelerin takip edilmesi amac\u0131yla g\u00f6rev yapacak.<\/p>\n<p>B\u00fcrolar arac\u0131l\u0131\u011f\u0131yla hedef s\u00fcrelerin takibi ger\u00e7ekle\u015ftirilecek, gecikmeye neden olan idari ve organizasyonel sorunlar tespit edilecek.<\/p>\n<p>Yarg\u0131 Hizmetlerinin Etkinli\u011fi B\u00fcrolar\u0131, HSK taraf\u0131ndan 4. Yarg\u0131 Reformu Stratejisi do\u011frultusunda hayata ge\u00e7irildi. B\u00fcrolar\u0131n g\u00f6rev ve i\u015fleyi\u015finde uygulama birli\u011finin sa\u011flanmas\u0131 amac\u0131yla haz\u0131rlanan rehber de 19 A\u011fustos\u2019ta yay\u0131mland\u0131.<\/p>\n<p><strong>ALO ADALET 135, 1 EYL\u00dcL\u2019DE BA\u015eLIYOR<\/strong><\/p>\n<p>G\u00fcrlek, yarg\u0131lamalar\u0131n uzun s\u00fcrmesinin \u00f6n\u00fcne ge\u00e7ilmesi amac\u0131yla haz\u0131rlanan Alo Adalet 135 sisteminin de 1 Eyl\u00fcl 2026 itibar\u0131yla hizmete girece\u011fini a\u00e7\u0131klad\u0131.<\/p>\n<p>Uygulama ilk a\u015famada Ankara Bat\u0131, \u0130zmir ve Kayseri adliyelerinde pilot olarak ba\u015flayacak.<\/p>\n<p>Sistem kapsam\u0131nda ilk derece mahkemeleri, b\u00f6lge adliye mahkemeleri ve b\u00f6lge idare mahkemelerinde be\u015f y\u0131l\u0131 a\u015fan dava dosyalar\u0131 ile \u00fc\u00e7 y\u0131l\u0131 a\u015fan soru\u015fturma dosyalar\u0131na ili\u015fkin vatanda\u015flar ba\u015fvuruda bulunabilecek.<\/p>\n<p>Ba\u015fvurular yapay zek\u00e2 destekli sesli asistan veya uzman temsilciler arac\u0131l\u0131\u011f\u0131yla al\u0131nacak.<\/p>\n<p><strong>B\u0130L\u0130RK\u0130\u015e\u0130L\u0130K UYGULAMASINA DA D\u0130KKAT \u00c7EKT\u0130<\/strong><\/p>\n<p>Bakan G\u00fcrlek, yarg\u0131lama s\u00fcrelerinin uzamas\u0131na neden olan ba\u015fl\u0131klardan biri olarak bilirki\u015filik uygulamas\u0131na da de\u011findi.<\/p>\n<ol start=\"12\">\n<li>Yarg\u0131 Paketi kapsam\u0131nda bilirki\u015filikle ilgili d\u00fczenleme yap\u0131ld\u0131\u011f\u0131n\u0131 belirten G\u00fcrlek, yarg\u0131lamalar\u0131n gereksiz yere uzamas\u0131n\u0131n \u00f6n\u00fcne ge\u00e7ilmesi i\u00e7in \u00e7al\u0131\u015fmalar\u0131n s\u00fcrd\u00fcr\u00fcld\u00fc\u011f\u00fcn\u00fc ifade etti.<\/li>\n<\/ol>\n<p>\u201c<strong>YARGININ UZAMASINI EL B\u0130RL\u0130\u011e\u0130YLE \u00c7\u00d6ZECE\u011e\u0130Z\u201d<\/strong><\/p>\n<p>G\u00fcrlek, uzun s\u00fcren yarg\u0131lamalar\u0131n vatanda\u015f a\u00e7\u0131s\u0131ndan ma\u011fduriyet olu\u015fturdu\u011funu belirterek, yarg\u0131 s\u00fcre\u00e7lerinin makul s\u00fcrede tamamlanmas\u0131na y\u00f6nelik \u00e7al\u0131\u015fmalar\u0131n devam edece\u011fini s\u00f6yledi.<\/p>\n<p><strong>Ankara Bat\u0131 Adliyesi\u2019ndeki programa Adalet Bakan Yard\u0131mc\u0131s\u0131 Can Tuncay, HSK Ba\u015fkanvekili Fuzuli Aydo\u011fdu, HSK Birinci Daire Ba\u015fkan\u0131 Turan Kulo\u011flu, Ankara Bat\u0131 Cumhuriyet Ba\u015fsavc\u0131s\u0131 Murat \u00d6zcan ve Ankara Bat\u0131 Adalet Komisyonu Ba\u015fkan\u0131 S\u00fcmeyye Kocaman da kat\u0131ld\u0131.<\/strong><\/p>\n<p><strong>ET\u0130KETLER: #Ak\u0131nG\u00fcrlek #AdaletBakanl\u0131\u011f\u0131 #AnkaraBat\u0131Adliyesi #Yarg\u0131HizmetlerininEtkinli\u011fiB\u00fcrosu #HSK #TuranKulo\u011flu #FuzuliAydo\u011fdu #Murat\u00d6zcan #AloAdalet135 #12Yarg\u0131Paketi #Yarg\u0131<\/strong><\/p>\n<p>Adalet Bakan\u0131 Ak\u0131n G\u00fcrlek, Ankara Bat\u0131 Adliyesi\u2019ni ziyaret ederek Yarg\u0131 Hizmetlerinin Etkinli\u011fi B\u00fcrosu\u2019nun a\u00e7\u0131l\u0131\u015f\u0131n\u0131 ger\u00e7ekle\u015ftirdi. H\u00e2kim ve savc\u0131larla bir araya gelen G\u00fcrlek, yarg\u0131 s\u00fcre\u00e7lerinin h\u0131zland\u0131r\u0131lmas\u0131n\u0131n \u00f6ncelikli g\u00fcndemleri oldu\u011funu belirterek, 12. Yarg\u0131 Paketi kapsam\u0131nda yeni d\u00fczenlemelerin ekim ay\u0131nda g\u00fcndeme gelece\u011fini a\u00e7\u0131klad\u0131.\u00a0<a href=\"https:\/\/www.son.tv\/adalet-bakani-gurlek-ankara-bati-adliyesinde-yeni-donemi-baslatti-yargi-hizmetlerinin-etkinligi-burosu-acildi\/\" target=\"_blank\" class=\"feedzy-rss-link-icon\">Read More<\/a><\/p>","protected":false},"excerpt":{"rendered":"<p>SON.TV\/ANKARA Adalet Bakan\u0131 Ak\u0131n G\u00fcrlek, Ankara Bat\u0131 Adliyesi\u2019nde yarg\u0131 hizmetlerinin daha h\u0131zl\u0131 ve etkin y\u00fcr\u00fct\u00fclmesine y\u00f6nelik olu\u015fturulan Yarg\u0131 Hizmetlerinin Etkinli\u011fi B\u00fcrosu\u2019nun a\u00e7\u0131l\u0131\u015f\u0131n\u0131 ger\u00e7ekle\u015ftirdi. A\u00e7\u0131l\u0131\u015f\u0131n ard\u0131ndan Ankara Bat\u0131 Adliyesi\u2019nde g\u00f6rev yapan h\u00e2kim ve savc\u0131larla bir araya gelen Bakan G\u00fcrlek, yarg\u0131 s\u00fcre\u00e7lerinin h\u0131zland\u0131r\u0131lmas\u0131na y\u00f6nelik y\u00fcr\u00fct\u00fclen \u00e7al\u0131\u015fmalar\u0131 anlatt\u0131. G\u00dcRLEK: EN \u00d6NEML\u0130 KONU YARGININ HIZLANDIRILMASI Vatanda\u015flar\u0131n yarg\u0131 hizmetlerine ili\u015fkin [&hellip;]<\/p>\n","protected":false},"author":1,"featured_media":41985,"comment_status":"open","ping_status":"open","sticky":false,"template":"","format":"standard","meta":{"footnotes":"","_links_to":"","_links_to_target":""},"categories":[1],"tags":[],"class_list":["post-41984","post","type-post","status-publish","format-standard","has-post-thumbnail","hentry","category-haberler"],"_links":{"self":[{"href":"https:\/\/www.abchukuk.com\/index.php\/wp-json\/wp\/v2\/posts\/41984","targetHints":{"allow":["GET"]}}],"collection":[{"href":"https:\/\/www.abchukuk.com\/index.php\/wp-json\/wp\/v2\/posts"}],"about":[{"href":"https:\/\/www.abchukuk.com\/index.php\/wp-json\/wp\/v2\/types\/post"}],"author":[{"embeddable":true,"href":"https:\/\/www.abchukuk.com\/index.php\/wp-json\/wp\/v2\/users\/1"}],"replies":[{"embeddable":true,"href":"https:\/\/www.abchukuk.com\/index.php\/wp-json\/wp\/v2\/comments?post=41984"}],"version-history":[{"count":0,"href":"https:\/\/www.abchukuk.com\/index.php\/wp-json\/wp\/v2\/posts\/41984\/revisions"}],"wp:featuredmedia":[{"embeddable":true,"href":"https:\/\/www.abchukuk.com\/index.php\/wp-json\/wp\/v2\/media\/41985"}],"wp:attachment":[{"href":"https:\/\/www.abchukuk.com\/index.php\/wp-json\/wp\/v2\/media?parent=41984"}],"wp:term":[{"taxonomy":"category","embeddable":true,"href":"https:\/\/www.abchukuk.com\/index.php\/wp-json\/wp\/v2\/categories?post=41984"},{"taxonomy":"post_tag","embeddable":true,"href":"https:\/\/www.abchukuk.com\/index.php\/wp-json\/wp\/v2\/tags?post=41984"}],"curies":[{"name":"wp","href":"https:\/\/api.w.org\/{rel}","templated":true}]}}