{"id":41979,"date":"2026-08-31T12:22:32","date_gmt":"2026-08-31T12:22:32","guid":{"rendered":"https:\/\/www.abchukuk.com\/index.php\/2026\/08\/31\/yeni-adli-yil-1-eylulde-basliyor-son-tv-yargidaki-acilis-programinin-onemli-detaylarina-ulasti\/"},"modified":"2026-08-31T12:22:32","modified_gmt":"2026-08-31T12:22:32","slug":"yeni-adli-yil-1-eylulde-basliyor-son-tv-yargidaki-acilis-programinin-onemli-detaylarina-ulasti","status":"publish","type":"post","link":"https:\/\/www.abchukuk.com\/index.php\/2026\/08\/31\/yeni-adli-yil-1-eylulde-basliyor-son-tv-yargidaki-acilis-programinin-onemli-detaylarina-ulasti\/","title":{"rendered":"Yeni adli y\u0131l 1 Eyl\u00fcl\u2019de ba\u015fl\u0131yor: Son.TV yarg\u0131daki a\u00e7\u0131l\u0131\u015f program\u0131n\u0131n \u00f6nemli detaylar\u0131na ula\u015ft\u0131"},"content":{"rendered":"<p><strong>SON.TV\/ANKARA<\/strong><\/p>\n<p>T\u00fcrkiye\u2019de yarg\u0131 te\u015fkilat\u0131 43 g\u00fcnl\u00fck adli tatilin ard\u0131ndan yeniden tam mesaiye ge\u00e7iyor. Hukuk Muhakemeleri Kanunu, Ceza Muhakemesi Kanunu, Dan\u0131\u015ftay Kanunu ve \u0130dari Yarg\u0131lama Usul\u00fc Kanunu kapsam\u0131nda 20 Temmuz\u2019da ba\u015flayan adli tatil 31 A\u011fustos\u2019ta sona ererken, mahkemelerde normal \u00e7al\u0131\u015fma d\u00fczeni 1 Eyl\u00fcl itibar\u0131yla yeniden ba\u015flayacak.<span class=\"Apple-converted-space\">\u00a0<\/span><\/p>\n<p>Son.TV\u2019nin y\u00fcksek yarg\u0131 organlar\u0131, Adalet Bakanl\u0131\u011f\u0131 ve b\u00fcy\u00fck adliyelerin duyurular\u0131 \u00fczerinden yapt\u0131\u011f\u0131 ara\u015ft\u0131rmada, 2026-2027 adli y\u0131l\u0131n\u0131n ana a\u00e7\u0131l\u0131\u015f program\u0131n\u0131n Yarg\u0131tay Ba\u015fkanl\u0131\u011f\u0131nda yap\u0131laca\u011f\u0131 belirlendi.<\/p>\n<p><strong>YEN\u0130 ADL\u0130 YILIN \u0130LK ADRES\u0130 ANITKAB\u0130R<\/strong><\/p>\n<p>2026-2027 Adli Y\u0131l A\u00e7\u0131l\u0131\u015f Program\u0131 1 Eyl\u00fcl Sal\u0131 g\u00fcn\u00fc saat 10.00\u2019da An\u0131tkabir\u2019de ba\u015flayacak.<\/p>\n<p>Yarg\u0131 mensuplar\u0131n\u0131n Aslanl\u0131 Yol\u2019daki bulu\u015fmas\u0131n\u0131n ard\u0131ndan Gazi Mustafa Kemal Atat\u00fcrk\u2019\u00fcn mozolesine \u00e7elenk sunulacak. Sayg\u0131 duru\u015funun ard\u0131ndan toplu foto\u011fraf \u00e7ekilecek ve Yarg\u0131tay Ba\u015fkan\u0131 \u00d6mer Kerkez taraf\u0131ndan An\u0131tkabir \u015eeref Defteri imzalanacak.<span class=\"Apple-converted-space\">\u00a0<\/span><\/p>\n<p><strong>YARGI Z\u0130RVES\u0130 SAAT 14.00\u2019TE YARGITAY\u2019DA BULU\u015eACAK<\/strong><\/p>\n<p>Yeni adli y\u0131l\u0131n resmi a\u00e7\u0131l\u0131\u015f t\u00f6reni saat 14.00\u2019te Yarg\u0131tay \u0130smail R\u00fc\u015ft\u00fc Cirit Konferans Salonu\u2019nda ger\u00e7ekle\u015ftirilecek.<\/p>\n<p>Program sayg\u0131 duru\u015fu ve \u0130stiklal Mar\u015f\u0131 ile ba\u015flayacak. Ard\u0131ndan T\u00fcrkiye Barolar Birli\u011fi Ba\u015fkan\u0131 Av. R. Erin\u00e7 Sa\u011fkan, Yarg\u0131tay Ba\u015fkan\u0131 \u00d6mer Kerkez ve Cumhurba\u015fkan\u0131 Yard\u0131mc\u0131s\u0131 Cevdet Y\u0131lmaz k\u00fcrs\u00fcye \u00e7\u0131kacak.<span class=\"Apple-converted-space\">\u00a0<\/span><\/p>\n<p><strong>YARGITAY\u2019DA AK\u015eAM RESEPS\u0130YONU<\/strong><\/p>\n<p>Adli y\u0131l a\u00e7\u0131l\u0131\u015f program\u0131 saat 19.00\u2019da Yarg\u0131tay Ba\u015fkanl\u0131\u011f\u0131n\u0131n Havuzlu Bah\u00e7e b\u00f6l\u00fcm\u00fcnde d\u00fczenlenecek resepsiyonla tamamlanacak.<\/p>\n<p>Yarg\u0131 te\u015fkilat\u0131n\u0131n \u00fcst d\u00fczey temsilcileri ile davetlilerin resepsiyonda bir araya gelmesi planlan\u0131yor. Yarg\u0131tay Ba\u015fkanl\u0131\u011f\u0131 ge\u00e7en y\u0131l da adli y\u0131l a\u00e7\u0131l\u0131\u015f\u0131ndaki An\u0131tkabir ziyareti ve resmi t\u00f6renin ard\u0131ndan ayn\u0131 yerde geni\u015f kat\u0131l\u0131ml\u0131 resepsiyon d\u00fczenlemi\u015fti.<span class=\"Apple-converted-space\">\u00a0<\/span><\/p>\n<p><strong>ADALET BAKANLI\u011eI YEN\u0130 ADL\u0130 YILA \u201cALO ADALET 135\u201d \u0130LE G\u0130R\u0130YOR<\/strong><\/p>\n<p>Adalet Bakanl\u0131\u011f\u0131 a\u00e7\u0131s\u0131ndan 1 Eyl\u00fcl\u2019\u00fcn en \u00f6nemli geli\u015fmelerinden biri ise yeni bir uygulaman\u0131n devreye al\u0131nmas\u0131 olacak.<\/p>\n<p>Adalet Bakan\u0131 Ak\u0131n G\u00fcrlek, uzun s\u00fcren dava ve soru\u015fturma dosyalar\u0131na ili\u015fkin vatanda\u015flar\u0131n ba\u015fvurular\u0131n\u0131 iletebilmesi amac\u0131yla haz\u0131rlanan \u201cAlo Adalet 135\u201d hizmetinin 1 Eyl\u00fcl\u2019den itibaren pilot olarak Ankara Bat\u0131, \u0130zmir ve Kayseri adliyelerinde uygulanmaya ba\u015flanaca\u011f\u0131n\u0131 a\u00e7\u0131klad\u0131.<span class=\"Apple-converted-space\">\u00a0<\/span><\/p>\n<p>B\u00f6ylece Bakanl\u0131k yeni adli y\u0131la adliyelerde normal \u00e7al\u0131\u015fma d\u00fczenine ge\u00e7i\u015fin yan\u0131 s\u0131ra vatanda\u015flar\u0131n yarg\u0131sal s\u00fcre\u00e7lere ili\u015fkin ba\u015fvurular\u0131n\u0131 do\u011frudan iletebilecekleri yeni sistemle ba\u015flayacak.<\/p>\n<p><strong>DANI\u015eTAY\u2019DA N\u00d6BET\u00c7\u0130 HEYET D\u00d6NEM\u0130 B\u0130T\u0130YOR<\/strong><\/p>\n<p>Adli tatil d\u00f6neminde Dan\u0131\u015ftay\u2019da n\u00f6bet\u00e7i heyet g\u00f6rev yapt\u0131. N\u00f6bet\u00e7i heyet bu s\u00fcre\u00e7te esasa ili\u015fkin nihai karar vermeyerek a\u011f\u0131rl\u0131kl\u0131 olarak y\u00fcr\u00fctmenin durdurulmas\u0131 taleplerini de\u011ferlendirdi.<\/p>\n<p>1 Eyl\u00fcl itibar\u0131yla Dan\u0131\u015ftay\u2019da da adli tatil d\u00fczeni sona erecek ve daireler normal \u00e7al\u0131\u015fma d\u00fczenine d\u00f6necek.<span class=\"Apple-converted-space\">\u00a0<\/span><\/p>\n<p>Son.TV\u2019nin 31 A\u011fustos itibar\u0131yla yapt\u0131\u011f\u0131 taramada Dan\u0131\u015ftay Ba\u015fkanl\u0131\u011f\u0131n\u0131n Yarg\u0131tay\u2019daki merkezi programdan ayr\u0131, kamuoyuna ilan edilmi\u015f \u00f6zel bir 1 Eyl\u00fcl t\u00f6ren program\u0131na rastlanmad\u0131. Bu nedenle Dan\u0131\u015ftay ad\u0131na teyit edilmemi\u015f saat veya t\u00f6ren bilgisine haberde yer verilmedi.<\/p>\n<p><strong>ANAYASA MAHKEMES\u0130 ADL\u0130 TAT\u0130L KAPSAMINDA DE\u011e\u0130L<\/strong><\/p>\n<p>Anayasa Mahkemesi bak\u0131m\u0131ndan ise durum farkl\u0131. AYM, adli ve idari yarg\u0131daki 20 Temmuz-31 A\u011fustos tarihleri aras\u0131ndaki adli tatil sistemine tabi de\u011fil.<\/p>\n<p>Mahkemenin resmi takviminde yeni d\u00f6neme ili\u015fkin ilk \u00f6nemli \u00e7al\u0131\u015fma 2 Eyl\u00fcl 2026 tarihli Birinci B\u00f6l\u00fcm toplant\u0131s\u0131 olarak yer al\u0131yor.<span class=\"Apple-converted-space\">\u00a0<\/span><\/p>\n<p>Son.TV\u2019nin ara\u015ft\u0131rmas\u0131nda Anayasa Mahkemesinin 1 Eyl\u00fcl i\u00e7in Yarg\u0131tay program\u0131ndan ayr\u0131 kamuoyuna duyurulmu\u015f bir \u201cadli y\u0131l a\u00e7\u0131l\u0131\u015f t\u00f6reni\u201d program\u0131 bulunmad\u0131.<\/p>\n<p><strong>SAYI\u015eTAY \u0130\u00c7\u0130N AYRI B\u0130R A\u00c7ILI\u015e PROGRAMI DUYURULMADI<\/strong><\/p>\n<p>Say\u0131\u015ftay, yarg\u0131sal nitelikte g\u00f6revleri bulunmas\u0131na ra\u011fmen adli tatil sistemi i\u00e7inde Yarg\u0131tay ve Dan\u0131\u015ftay ile ayn\u0131 bi\u00e7imde faaliyet g\u00f6stermiyor.<\/p>\n<p>31 A\u011fustos itibar\u0131yla yap\u0131lan taramada Say\u0131\u015ftay Ba\u015fkanl\u0131\u011f\u0131 taraf\u0131ndan 1 Eyl\u00fcl 2026\u2019ya \u00f6zel kamuoyuna a\u00e7\u0131klanm\u0131\u015f ba\u011f\u0131ms\u0131z bir adli y\u0131l a\u00e7\u0131l\u0131\u015f t\u00f6reni program\u0131na ula\u015f\u0131lamad\u0131.<\/p>\n<p>Bu nedenle Say\u0131\u015ftay\u2019\u0131n ayr\u0131ca bir t\u00f6ren ger\u00e7ekle\u015ftirece\u011fine ili\u015fkin teyitsiz bilgiler habere dahil edilmedi.<\/p>\n<p><strong>\u00c7A\u011eLAYAN ADL\u0130YES\u0130 YEN\u0130 D\u00d6NEME TAM KADRO G\u0130R\u0130YOR<\/strong><\/p>\n<p>T\u00fcrkiye\u2019nin en b\u00fcy\u00fck adliyelerinden \u0130stanbul \u00c7a\u011flayan\u2019daki \u0130stanbul Adalet Saray\u0131\u2019nda da adli tatilin sona ermesiyle birlikte mahkemeler ve Cumhuriyet Ba\u015fsavc\u0131l\u0131\u011f\u0131 birimleri 1 Eyl\u00fcl itibar\u0131yla normal \u00e7al\u0131\u015fma d\u00fczenine d\u00f6necek.<\/p>\n<p>\u0130stanbul Adalet Saray\u0131\u2019n\u0131n resmi duyurular\u0131nda 31 A\u011fustos itibar\u0131yla 1 Eyl\u00fcl\u2019e \u00f6zel ayr\u0131 bir adli y\u0131l a\u00e7\u0131l\u0131\u015f t\u00f6reni program\u0131 yay\u0131mlanm\u0131\u015f de\u011fil. Adliyenin 2026 y\u0131l\u0131 duyuru ar\u015fivinde de bu y\u00f6nde ilan edilmi\u015f bir program bulunmuyor.<span class=\"Apple-converted-space\">\u00a0<\/span><\/p>\n<p>Bu nedenle \u00c7a\u011flayan\u2019da yap\u0131laca\u011f\u0131 teyit edilmeyen herhangi bir t\u00f6ren, konu\u015fma veya saat bilgisi Son.TV haberine eklenmedi.<\/p>\n<p><strong>ANKARA ADL\u0130YES\u0130NDE YO\u011eUN YEN\u0130 D\u00d6NEM<\/strong><\/p>\n<p>Ankara Adliyesi de yeni adli y\u0131la kamuoyunun yak\u0131ndan izledi\u011fi dosyalarla ba\u015flayacak.<\/p>\n<p>Yeni d\u00f6nemin ilk g\u00fcnlerinden itibaren Ankara\u2019daki a\u011f\u0131r ceza ve di\u011fer mahkemelerde \u00f6nemli davalar\u0131n duru\u015fmalar\u0131 yeniden ba\u015flayacak. 3 Eyl\u00fcl\u2019de Ayhan Bora Kaplan su\u00e7 \u00f6rg\u00fct\u00fc dosyas\u0131, ilerleyen g\u00fcnlerde ise \u00e7ok say\u0131da kamuoyunca takip edilen dava Ankara yarg\u0131s\u0131n\u0131n g\u00fcndeminde olacak.<span class=\"Apple-converted-space\">\u00a0<\/span><\/p>\n<p>Ankara Adliyesi i\u00e7in de 31 A\u011fustos itibar\u0131yla merkezi Yarg\u0131tay program\u0131ndan ayr\u0131, saat ve kat\u0131l\u0131mc\u0131lar\u0131 kamuoyuna duyurulmu\u015f \u00f6zel bir 1 Eyl\u00fcl a\u00e7\u0131l\u0131\u015f program\u0131na ula\u015f\u0131lamad\u0131.<\/p>\n<p><strong>YARGITAY MERKEZ\u0130 A\u00c7ILI\u015eIN ADRES\u0130 OLACAK<\/strong><\/p>\n<p>B\u00f6ylece 2026-2027 adli y\u0131l\u0131n\u0131n kamuoyuna a\u00e7\u0131klanan ana resmi a\u00e7\u0131l\u0131\u015f takvimi Yarg\u0131tay Ba\u015fkanl\u0131\u011f\u0131 etraf\u0131nda \u015fekillendi.<\/p>\n<p>Saat 10.00\u2019daki An\u0131tkabir program\u0131n\u0131n ard\u0131ndan saat 14.00\u2019te Yarg\u0131tay\u2019da yarg\u0131 zirvesi bir araya gelecek, saat 19.00\u2019da ger\u00e7ekle\u015ftirilecek resepsiyonla yeni adli y\u0131l a\u00e7\u0131l\u0131\u015f etkinlikleri tamamlanacak.<span class=\"Apple-converted-space\">\u00a0<\/span><\/p>\n<p>Adalet Bakanl\u0131\u011f\u0131nda Alo Adalet 135 uygulamas\u0131n\u0131n ba\u015flamas\u0131, Yarg\u0131tay ve Dan\u0131\u015ftay\u2019da adli tatil n\u00f6betlerinin sona ermesi, \u0130stanbul \u00c7a\u011flayan ve Ankara adliyeleri ba\u015fta olmak \u00fczere T\u00fcrkiye genelindeki adliyelerin tam \u00e7al\u0131\u015fma d\u00fczenine d\u00f6nmesiyle 1 Eyl\u00fcl\u2019den itibaren yarg\u0131da yeni d\u00f6nem ba\u015flayacak.<\/p>\n<p><strong>ET\u0130KETLER: #YeniAdliY\u0131l #AdliY\u0131l #AdaletBakanl\u0131\u011f\u0131 #Ak\u0131nG\u00fcrlek #Yarg\u0131tay #\u00d6merKerkez #Dan\u0131\u015ftay #AnayasaMahkemesi #Say\u0131\u015ftay #\u0130stanbulAdliyesi #\u00c7a\u011flayanAdliyesi #AnkaraAdliyesi #AloAdalet135<\/strong> #Yarg\u0131<\/p>\n<p>Yarg\u0131da 20 Temmuz\u2019da ba\u015flayan adli tatil 31 A\u011fustos itibar\u0131yla sona eriyor. 2026-2027 adli y\u0131l\u0131 1 Eyl\u00fcl Sal\u0131 g\u00fcn\u00fc ba\u015flayacak. Yeni adli y\u0131l\u0131n merkezi a\u00e7\u0131l\u0131\u015f program\u0131 Ankara\u2019da Yarg\u0131tay Ba\u015fkanl\u0131\u011f\u0131 taraf\u0131ndan ger\u00e7ekle\u015ftirilecek. Program An\u0131tkabir ziyaretiyle ba\u015flayacak, Yarg\u0131tay\u2019daki resmi t\u00f6renin ard\u0131ndan ak\u015fam resepsiyonla tamamlanacak. Adalet Bakanl\u0131\u011f\u0131 ise yeni adli y\u0131la \u201cAlo Adalet 135\u201d uygulamas\u0131n\u0131 \u00fc\u00e7 pilot adliyede devreye alarak giriyor.\u00a0<a href=\"https:\/\/www.son.tv\/yeni-adli-yil-1-eylulde-basliyor-son-tv-yargidaki-acilis-programinin-onemli-detaylarina-ulasti\/\" target=\"_blank\" class=\"feedzy-rss-link-icon\">Read More<\/a><\/p>","protected":false},"excerpt":{"rendered":"<p>SON.TV\/ANKARA T\u00fcrkiye\u2019de yarg\u0131 te\u015fkilat\u0131 43 g\u00fcnl\u00fck adli tatilin ard\u0131ndan yeniden tam mesaiye ge\u00e7iyor. Hukuk Muhakemeleri Kanunu, Ceza Muhakemesi Kanunu, Dan\u0131\u015ftay Kanunu ve \u0130dari Yarg\u0131lama Usul\u00fc Kanunu kapsam\u0131nda 20 Temmuz\u2019da ba\u015flayan adli tatil 31 A\u011fustos\u2019ta sona ererken, mahkemelerde normal \u00e7al\u0131\u015fma d\u00fczeni 1 Eyl\u00fcl itibar\u0131yla yeniden ba\u015flayacak.\u00a0 Son.TV\u2019nin y\u00fcksek yarg\u0131 organlar\u0131, Adalet Bakanl\u0131\u011f\u0131 ve b\u00fcy\u00fck adliyelerin duyurular\u0131 [&hellip;]<\/p>\n","protected":false},"author":1,"featured_media":0,"comment_status":"open","ping_status":"open","sticky":false,"template":"","format":"standard","meta":{"footnotes":"","_links_to":"","_links_to_target":""},"categories":[1],"tags":[],"class_list":["post-41979","post","type-post","status-publish","format-standard","hentry","category-haberler"],"_links":{"self":[{"href":"https:\/\/www.abchukuk.com\/index.php\/wp-json\/wp\/v2\/posts\/41979","targetHints":{"allow":["GET"]}}],"collection":[{"href":"https:\/\/www.abchukuk.com\/index.php\/wp-json\/wp\/v2\/posts"}],"about":[{"href":"https:\/\/www.abchukuk.com\/index.php\/wp-json\/wp\/v2\/types\/post"}],"author":[{"embeddable":true,"href":"https:\/\/www.abchukuk.com\/index.php\/wp-json\/wp\/v2\/users\/1"}],"replies":[{"embeddable":true,"href":"https:\/\/www.abchukuk.com\/index.php\/wp-json\/wp\/v2\/comments?post=41979"}],"version-history":[{"count":0,"href":"https:\/\/www.abchukuk.com\/index.php\/wp-json\/wp\/v2\/posts\/41979\/revisions"}],"wp:attachment":[{"href":"https:\/\/www.abchukuk.com\/index.php\/wp-json\/wp\/v2\/media?parent=41979"}],"wp:term":[{"taxonomy":"category","embeddable":true,"href":"https:\/\/www.abchukuk.com\/index.php\/wp-json\/wp\/v2\/categories?post=41979"},{"taxonomy":"post_tag","embeddable":true,"href":"https:\/\/www.abchukuk.com\/index.php\/wp-json\/wp\/v2\/tags?post=41979"}],"curies":[{"name":"wp","href":"https:\/\/api.w.org\/{rel}","templated":true}]}}