{"id":41977,"date":"2026-08-31T13:19:00","date_gmt":"2026-08-31T13:19:00","guid":{"rendered":"https:\/\/www.abchukuk.com\/index.php\/2026\/08\/31\/adalet-pesinde-aileleri-platformu-adli-yil-baslangicinda-yargidan-isteklerini-dile-getirdi-gecmis-adli-yillardan-alacakliyiz\/"},"modified":"2026-08-31T13:19:00","modified_gmt":"2026-08-31T13:19:00","slug":"adalet-pesinde-aileleri-platformu-adli-yil-baslangicinda-yargidan-isteklerini-dile-getirdi-gecmis-adli-yillardan-alacakliyiz","status":"publish","type":"post","link":"https:\/\/www.abchukuk.com\/index.php\/2026\/08\/31\/adalet-pesinde-aileleri-platformu-adli-yil-baslangicinda-yargidan-isteklerini-dile-getirdi-gecmis-adli-yillardan-alacakliyiz\/","title":{"rendered":"Adalet Pe\u015finde Aileleri Platformu, adli y\u0131l ba\u015flang\u0131c\u0131nda yarg\u0131dan isteklerini dile getirdi: \u2018Ge\u00e7mi\u015f adli y\u0131llardan alacakl\u0131y\u0131z!\u2019"},"content":{"rendered":"<p>Adalet Pe\u015finde Aileleri Platformu, yar\u0131n ba\u015flayacak yeni adli y\u0131l \u00f6ncesinde deprem davalar\u0131na ili\u015fkin \u00c7a\u011fda\u015f Hukuk\u00e7ular Derne\u011fi&#8217;nde bas\u0131n toplant\u0131s\u0131 d\u00fczenledi. \u201cGe\u00e7mi\u015f adli y\u0131llardan alacakl\u0131y\u0131z\u201d diyen aileler, isteklerini bir bir dile getirdi.Adalet Pe\u015finde Aileleri Platformu, yar\u0131n ba\u015flayacak yeni adli y\u0131l \u00f6ncesinde deprem davalar\u0131na ili\u015fkin \u00c7a\u011fda\u015f Hukuk\u00e7ular Derne\u011fi&#8217;nde bas\u0131n toplant\u0131s\u0131 d\u00fczenledi. \u201cGe\u00e7mi\u015f adli y\u0131llardan alacakl\u0131y\u0131z\u201d diyen aileler, isteklerini bir bir dile getirdi.\u00a0<a href=\"https:\/\/www.cumhuriyet.com.tr\/turkiye\/adalet-pesinde-aileleri-platformu-adli-yil-baslangicinda-yargidan-isteklerini-dile-getirdi-gecmis-adli-yillardan-alacakliyiz-2533808\" target=\"_blank\" class=\"feedzy-rss-link-icon\">Read More<\/a><\/p>","protected":false},"excerpt":{"rendered":"<p>Adalet Pe\u015finde Aileleri Platformu, yar\u0131n ba\u015flayacak yeni adli y\u0131l \u00f6ncesinde deprem davalar\u0131na ili\u015fkin \u00c7a\u011fda\u015f Hukuk\u00e7ular Derne\u011fi&#8217;nde bas\u0131n toplant\u0131s\u0131 d\u00fczenledi. \u201cGe\u00e7mi\u015f adli y\u0131llardan alacakl\u0131y\u0131z\u201d diyen aileler, isteklerini bir bir dile getirdi.Adalet Pe\u015finde Aileleri Platformu, yar\u0131n ba\u015flayacak yeni adli y\u0131l \u00f6ncesinde deprem davalar\u0131na ili\u015fkin \u00c7a\u011fda\u015f Hukuk\u00e7ular Derne\u011fi&#8217;nde bas\u0131n toplant\u0131s\u0131 d\u00fczenledi. \u201cGe\u00e7mi\u015f adli y\u0131llardan alacakl\u0131y\u0131z\u201d diyen aileler, isteklerini [&hellip;]<\/p>\n","protected":false},"author":1,"featured_media":41978,"comment_status":"open","ping_status":"open","sticky":false,"template":"","format":"standard","meta":{"footnotes":"","_links_to":"","_links_to_target":""},"categories":[1],"tags":[],"class_list":["post-41977","post","type-post","status-publish","format-standard","has-post-thumbnail","hentry","category-haberler"],"_links":{"self":[{"href":"https:\/\/www.abchukuk.com\/index.php\/wp-json\/wp\/v2\/posts\/41977","targetHints":{"allow":["GET"]}}],"collection":[{"href":"https:\/\/www.abchukuk.com\/index.php\/wp-json\/wp\/v2\/posts"}],"about":[{"href":"https:\/\/www.abchukuk.com\/index.php\/wp-json\/wp\/v2\/types\/post"}],"author":[{"embeddable":true,"href":"https:\/\/www.abchukuk.com\/index.php\/wp-json\/wp\/v2\/users\/1"}],"replies":[{"embeddable":true,"href":"https:\/\/www.abchukuk.com\/index.php\/wp-json\/wp\/v2\/comments?post=41977"}],"version-history":[{"count":0,"href":"https:\/\/www.abchukuk.com\/index.php\/wp-json\/wp\/v2\/posts\/41977\/revisions"}],"wp:featuredmedia":[{"embeddable":true,"href":"https:\/\/www.abchukuk.com\/index.php\/wp-json\/wp\/v2\/media\/41978"}],"wp:attachment":[{"href":"https:\/\/www.abchukuk.com\/index.php\/wp-json\/wp\/v2\/media?parent=41977"}],"wp:term":[{"taxonomy":"category","embeddable":true,"href":"https:\/\/www.abchukuk.com\/index.php\/wp-json\/wp\/v2\/categories?post=41977"},{"taxonomy":"post_tag","embeddable":true,"href":"https:\/\/www.abchukuk.com\/index.php\/wp-json\/wp\/v2\/tags?post=41977"}],"curies":[{"name":"wp","href":"https:\/\/api.w.org\/{rel}","templated":true}]}}