{"id":41974,"date":"2026-08-31T13:57:00","date_gmt":"2026-08-31T13:57:00","guid":{"rendered":"https:\/\/www.abchukuk.com\/index.php\/2026\/08\/31\/sinop-erfelekte-kaymakam-ile-koruma-memuru-arasinda-gerilim-bassavcilik-sorusturma-baslatti\/"},"modified":"2026-08-31T13:57:00","modified_gmt":"2026-08-31T13:57:00","slug":"sinop-erfelekte-kaymakam-ile-koruma-memuru-arasinda-gerilim-bassavcilik-sorusturma-baslatti","status":"publish","type":"post","link":"https:\/\/www.abchukuk.com\/index.php\/2026\/08\/31\/sinop-erfelekte-kaymakam-ile-koruma-memuru-arasinda-gerilim-bassavcilik-sorusturma-baslatti\/","title":{"rendered":"Sinop Erfelek&#8217;te Kaymakam ile Koruma Memuru Aras\u0131nda Gerilim! Ba\u015fsavc\u0131l\u0131k Soru\u015fturma Ba\u015flatt\u0131"},"content":{"rendered":"<p><a href=\"https:\/\/www.gercekgundem.com\/gundem\/sinop-erfelekte-kaymakam-ile-koruma-memuru-arasinda-gerilim-bassavcilik-sorusturma-baslatti-577752\"><br \/>\n                                                            <img decoding=\"async\" src=\"https:\/\/i.gercekgundem.com\/2\/150\/84\/storage\/files\/images\/2026\/08\/31\/sinop-erfelekte-kaymakam-ile-koruma-memuru-arasinda-gerilim-bassavcilik-sorusturma-baslatti-wcsc.jpg\" width=\"150\" height=\"84\" border=\"0\" align=\"right\" \/><br \/>\n                                                    <\/a><\/p>\n<h4>Sinop Cumhuriyet Ba\u015fsavc\u0131l\u0131\u011f\u0131, Erfelek Kaymakam\u0131 ile koruma memuru aras\u0131nda ya\u015fanan tart\u0131\u015fmayla ilgili soru\u015fturma ba\u015flat\u0131ld\u0131\u011f\u0131n\u0131 a\u00e7\u0131klad\u0131. Taraflar\u0131n kar\u015f\u0131l\u0131kl\u0131 \u201chakaret\u201d, \u201ctehdit\u201d ve \u201ckasten yaralamaya te\u015febb\u00fcs\u201d iddialar\u0131n\u0131n ara\u015ft\u0131r\u0131ld\u0131\u011f\u0131 belirtildi. Olayla ilgili \u015fu ana kadar herhangi bir g\u00f6zalt\u0131 uygulanmad\u0131.<\/h4>\n<p>Sinop Cumhuriyet Ba\u015fsavc\u0131l\u0131\u011f\u0131, Erfelek Kaymakam\u0131 ile koruma memuru aras\u0131nda ya\u015fanan tart\u0131\u015fmayla ilgili soru\u015fturma ba\u015flat\u0131ld\u0131\u011f\u0131n\u0131 a\u00e7\u0131klad\u0131. Taraflar\u0131n kar\u015f\u0131l\u0131kl\u0131 \u201chakaret\u201d, \u201ctehdit\u201d ve \u201ckasten yaralamaya te\u015febb\u00fcs\u201d iddialar\u0131n\u0131n ara\u015ft\u0131r\u0131ld\u0131\u011f\u0131 belirtildi. Olayla ilgili \u015fu ana kadar herhangi bir g\u00f6zalt\u0131 uygulanmad\u0131.\u00a0<a href=\"https:\/\/www.gercekgundem.com\/gundem\/sinop-erfelekte-kaymakam-ile-koruma-memuru-arasinda-gerilim-bassavcilik-sorusturma-baslatti-577752\" target=\"_blank\" class=\"feedzy-rss-link-icon\">Read More<\/a><\/p>","protected":false},"excerpt":{"rendered":"<p>Sinop Cumhuriyet Ba\u015fsavc\u0131l\u0131\u011f\u0131, Erfelek Kaymakam\u0131 ile koruma memuru aras\u0131nda ya\u015fanan tart\u0131\u015fmayla ilgili soru\u015fturma ba\u015flat\u0131ld\u0131\u011f\u0131n\u0131 a\u00e7\u0131klad\u0131. Taraflar\u0131n kar\u015f\u0131l\u0131kl\u0131 \u201chakaret\u201d, \u201ctehdit\u201d ve \u201ckasten yaralamaya te\u015febb\u00fcs\u201d iddialar\u0131n\u0131n ara\u015ft\u0131r\u0131ld\u0131\u011f\u0131 belirtildi. Olayla ilgili \u015fu ana kadar herhangi bir g\u00f6zalt\u0131 uygulanmad\u0131. Sinop Cumhuriyet Ba\u015fsavc\u0131l\u0131\u011f\u0131, Erfelek Kaymakam\u0131 ile koruma memuru aras\u0131nda ya\u015fanan tart\u0131\u015fmayla ilgili soru\u015fturma ba\u015flat\u0131ld\u0131\u011f\u0131n\u0131 a\u00e7\u0131klad\u0131. Taraflar\u0131n kar\u015f\u0131l\u0131kl\u0131 \u201chakaret\u201d, \u201ctehdit\u201d ve [&hellip;]<\/p>\n","protected":false},"author":1,"featured_media":41975,"comment_status":"open","ping_status":"open","sticky":false,"template":"","format":"standard","meta":{"footnotes":"","_links_to":"","_links_to_target":""},"categories":[1],"tags":[],"class_list":["post-41974","post","type-post","status-publish","format-standard","has-post-thumbnail","hentry","category-haberler"],"_links":{"self":[{"href":"https:\/\/www.abchukuk.com\/index.php\/wp-json\/wp\/v2\/posts\/41974","targetHints":{"allow":["GET"]}}],"collection":[{"href":"https:\/\/www.abchukuk.com\/index.php\/wp-json\/wp\/v2\/posts"}],"about":[{"href":"https:\/\/www.abchukuk.com\/index.php\/wp-json\/wp\/v2\/types\/post"}],"author":[{"embeddable":true,"href":"https:\/\/www.abchukuk.com\/index.php\/wp-json\/wp\/v2\/users\/1"}],"replies":[{"embeddable":true,"href":"https:\/\/www.abchukuk.com\/index.php\/wp-json\/wp\/v2\/comments?post=41974"}],"version-history":[{"count":0,"href":"https:\/\/www.abchukuk.com\/index.php\/wp-json\/wp\/v2\/posts\/41974\/revisions"}],"wp:featuredmedia":[{"embeddable":true,"href":"https:\/\/www.abchukuk.com\/index.php\/wp-json\/wp\/v2\/media\/41975"}],"wp:attachment":[{"href":"https:\/\/www.abchukuk.com\/index.php\/wp-json\/wp\/v2\/media?parent=41974"}],"wp:term":[{"taxonomy":"category","embeddable":true,"href":"https:\/\/www.abchukuk.com\/index.php\/wp-json\/wp\/v2\/categories?post=41974"},{"taxonomy":"post_tag","embeddable":true,"href":"https:\/\/www.abchukuk.com\/index.php\/wp-json\/wp\/v2\/tags?post=41974"}],"curies":[{"name":"wp","href":"https:\/\/api.w.org\/{rel}","templated":true}]}}