{"id":41968,"date":"2026-08-31T11:53:30","date_gmt":"2026-08-31T11:53:30","guid":{"rendered":"https:\/\/www.abchukuk.com\/index.php\/2026\/08\/31\/adalet-bakanliginda-yeni-gorevlendirmeler-hakim-ve-savcilarin-yeni-gorevleri-belli-oldu\/"},"modified":"2026-08-31T11:53:30","modified_gmt":"2026-08-31T11:53:30","slug":"adalet-bakanliginda-yeni-gorevlendirmeler-hakim-ve-savcilarin-yeni-gorevleri-belli-oldu","status":"publish","type":"post","link":"https:\/\/www.abchukuk.com\/index.php\/2026\/08\/31\/adalet-bakanliginda-yeni-gorevlendirmeler-hakim-ve-savcilarin-yeni-gorevleri-belli-oldu\/","title":{"rendered":"Adalet Bakanl\u0131\u011f\u0131nda yeni g\u00f6revlendirmeler: H\u00e2kim ve savc\u0131lar\u0131n yeni g\u00f6revleri belli oldu!"},"content":{"rendered":"<p><strong>SON.TV\/ANKARA<\/strong><\/p>\n<p>Adalet Bakanl\u0131\u011f\u0131 merkez te\u015fkilat\u0131nda yeni g\u00f6rev de\u011fi\u015fiklikleri yap\u0131ld\u0131. Ger\u00e7ekle\u015ftirilen g\u00f6revlendirmeler kapsam\u0131nda Ceza \u0130\u015fleri Genel M\u00fcd\u00fcrl\u00fc\u011f\u00fc, Hukuk \u0130\u015fleri Genel M\u00fcd\u00fcrl\u00fc\u011f\u00fc, Personel Genel M\u00fcd\u00fcrl\u00fc\u011f\u00fc, Adli Sicil ve \u0130statistik Genel M\u00fcd\u00fcrl\u00fc\u011f\u00fc, D\u0131\u015f \u0130li\u015fkiler ve Avrupa Birli\u011fi Genel M\u00fcd\u00fcrl\u00fc\u011f\u00fc, Strateji Geli\u015ftirme Ba\u015fkanl\u0131\u011f\u0131 ile Adli Destek ve Ma\u011fdur Hizmetleri Dairesi Ba\u015fkanl\u0131\u011f\u0131na yeni isimler g\u00f6revlendirildi.<\/p>\n<p><strong>YEN\u0130 G\u00d6REVLEND\u0130RMELER BELL\u0130 OLDU<\/strong><\/p>\n<p>Adalar H\u00e2kimi olup Hukuk \u0130\u015fleri Genel M\u00fcd\u00fcrl\u00fc\u011f\u00fcnde yetkili Tetkik H\u00e2kimi olarak g\u00f6rev yapan Sevgi Deniz\u2019in buradaki g\u00f6revlendirilmesi kald\u0131r\u0131ld\u0131. Deniz, Adli Destek ve Ma\u011fdur Hizmetleri Dairesi Ba\u015fkanl\u0131\u011f\u0131nda Tetkik H\u00e2kimi olarak g\u00f6revlendirildi.<\/p>\n<p>\u0130stanbul H\u00e2kimi olup Adli Sicil ve \u0130statistik Genel M\u00fcd\u00fcrl\u00fc\u011f\u00fcnde yetkili Tetkik H\u00e2kimi olarak g\u00f6rev yapan Zeynep Naml\u0131kaya Aras\u2019\u0131n da mevcut g\u00f6revlendirilmesi kald\u0131r\u0131ld\u0131. Aras, Hukuk \u0130\u015fleri Genel M\u00fcd\u00fcrl\u00fc\u011f\u00fcnde Tetkik H\u00e2kimi olarak g\u00f6revlendirildi.<\/p>\n<p><strong>CEZA \u0130\u015eLER\u0130 GENEL M\u00dcD\u00dcRL\u00dc\u011e\u00dcNE YEN\u0130 \u0130S\u0130MLER<\/strong><\/p>\n<p>Yeni g\u00f6revlendirmelerin \u00f6nemli b\u00f6l\u00fcm\u00fcn\u00fcn Ceza \u0130\u015fleri Genel M\u00fcd\u00fcrl\u00fc\u011f\u00fcnde yap\u0131ld\u0131\u011f\u0131 g\u00f6r\u00fcld\u00fc.<\/p>\n<p>Personel Genel M\u00fcd\u00fcrl\u00fc\u011f\u00fc Tetkik H\u00e2kimi Makbule Karada\u011fl\u0131 \u00c7etin, Ceza \u0130\u015fleri Genel M\u00fcd\u00fcrl\u00fc\u011f\u00fcnde Tetkik H\u00e2kimi olarak g\u00f6revlendirildi.<\/p>\n<p>Eski\u015fehir H\u00e2kimi Nazl\u0131 \u00c7etin, Ceza \u0130\u015fleri Genel M\u00fcd\u00fcrl\u00fc\u011f\u00fcnde Tetkik H\u00e2kimi olarak g\u00f6revlendirildi.<\/p>\n<p>Ankara H\u00e2kimi Ey\u00fcp Aydo\u011fan, Ceza \u0130\u015fleri Genel M\u00fcd\u00fcrl\u00fc\u011f\u00fcnde Tetkik H\u00e2kimi olarak g\u00f6revlendirildi.<\/p>\n<p>Ankara Cumhuriyet Savc\u0131s\u0131 \u0130zel Turan, Ceza \u0130\u015fleri Genel M\u00fcd\u00fcrl\u00fc\u011f\u00fcnde Tetkik H\u00e2kimi olarak g\u00f6revlendirildi.<\/p>\n<p>\u0130stanbul H\u00e2kimi Ay\u015fe Aylin Karag\u00f6z Bora, Ceza \u0130\u015fleri Genel M\u00fcd\u00fcrl\u00fc\u011f\u00fcnde Tetkik H\u00e2kimi olarak g\u00f6revlendirildi.<\/p>\n<p>Gaziantep Cumhuriyet Savc\u0131s\u0131 Muhammet Abdurrahman Deniz, Ceza \u0130\u015fleri Genel M\u00fcd\u00fcrl\u00fc\u011f\u00fcnde Tetkik H\u00e2kimi olarak g\u00f6revlendirildi.<\/p>\n<p>\u00c7atalca Cumhuriyet Savc\u0131s\u0131 Kurtulu\u015f Berkay \u00d6zt\u00fcrk de Ceza \u0130\u015fleri Genel M\u00fcd\u00fcrl\u00fc\u011f\u00fcnde Tetkik H\u00e2kimi olarak g\u00f6revlendirildi.<\/p>\n<p><strong>ADL\u0130 S\u0130C\u0130L VE \u0130STAT\u0130ST\u0130K GENEL M\u00dcD\u00dcRL\u00dc\u011e\u00dcNE G\u00d6REVLEND\u0130RME<\/strong><\/p>\n<p>Kocaali Cumhuriyet Savc\u0131s\u0131 Onur Halil Cengiz, Adli Sicil ve \u0130statistik Genel M\u00fcd\u00fcrl\u00fc\u011f\u00fcnde Tetkik H\u00e2kimi olarak g\u00f6revlendirildi.<\/p>\n<p><strong>DI\u015e \u0130L\u0130\u015eK\u0130LER VE AVRUPA B\u0130RL\u0130\u011e\u0130 GENEL M\u00dcD\u00dcRL\u00dc\u011e\u00dcNE 7 \u0130S\u0130M<\/strong><\/p>\n<p>Adalet Bakanl\u0131\u011f\u0131ndaki yeni g\u00f6revlendirmeler kapsam\u0131nda D\u0131\u015f \u0130li\u015fkiler ve Avrupa Birli\u011fi Genel M\u00fcd\u00fcrl\u00fc\u011f\u00fc kadrosuna da \u00e7ok say\u0131da h\u00e2kim ve Cumhuriyet savc\u0131s\u0131 dahil edildi.<\/p>\n<p>Van B\u00f6lge Adliye Mahkemesi \u00dcyesi H\u00fcseyin Onur \u00c7elik, D\u0131\u015f \u0130li\u015fkiler ve Avrupa Birli\u011fi Genel M\u00fcd\u00fcrl\u00fc\u011f\u00fcnde Tetkik H\u00e2kimi olarak g\u00f6revlendirildi.<\/p>\n<p>Gaziantep B\u00f6lge Adliye Mahkemesi \u00dcyesi Dr. Do\u011fukan Eker, D\u0131\u015f \u0130li\u015fkiler ve Avrupa Birli\u011fi Genel M\u00fcd\u00fcrl\u00fc\u011f\u00fcnde Tetkik H\u00e2kimi olarak g\u00f6revlendirildi.<\/p>\n<p>Ankara Cumhuriyet Savc\u0131s\u0131 Ali Tan\u0131l G\u00f6ren, D\u0131\u015f \u0130li\u015fkiler ve Avrupa Birli\u011fi Genel M\u00fcd\u00fcrl\u00fc\u011f\u00fcnde Tetkik H\u00e2kimi olarak g\u00f6revlendirildi.<\/p>\n<p>Malatya H\u00e2kimi Ahmet K\u0131l\u0131\u00e7parlar, D\u0131\u015f \u0130li\u015fkiler ve Avrupa Birli\u011fi Genel M\u00fcd\u00fcrl\u00fc\u011f\u00fcnde Tetkik H\u00e2kimi olarak g\u00f6revlendirildi.<\/p>\n<p>Yarg\u0131tay Tetkik H\u00e2kimi M\u00fccahid K\u00f6ysu, D\u0131\u015f \u0130li\u015fkiler ve Avrupa Birli\u011fi Genel M\u00fcd\u00fcrl\u00fc\u011f\u00fcnde Tetkik H\u00e2kimi olarak g\u00f6revlendirildi.<\/p>\n<p>Yarg\u0131tay Tetkik H\u00e2kimi Muhammed Halis Tu\u011f, D\u0131\u015f \u0130li\u015fkiler ve Avrupa Birli\u011fi Genel M\u00fcd\u00fcrl\u00fc\u011f\u00fcnde Tetkik H\u00e2kimi olarak g\u00f6revlendirildi.<\/p>\n<p>Samanda\u011f Cumhuriyet Savc\u0131s\u0131 \u00d6zlem Berbero\u011flu Sever de D\u0131\u015f \u0130li\u015fkiler ve Avrupa Birli\u011fi Genel M\u00fcd\u00fcrl\u00fc\u011f\u00fcnde Tetkik H\u00e2kimi olarak g\u00f6revlendirildi.<\/p>\n<p><strong>PERSONEL GENEL M\u00dcD\u00dcRL\u00dc\u011e\u00dcNE \u0130K\u0130 SAVCI<\/strong><\/p>\n<p>Ankara Cumhuriyet Savc\u0131s\u0131 Hakan \u015eahino\u011flu, Personel Genel M\u00fcd\u00fcrl\u00fc\u011f\u00fcnde Tetkik H\u00e2kimi olarak g\u00f6revlendirildi.<\/p>\n<p>Y\u00fcksekova Cumhuriyet Savc\u0131s\u0131 Ahmet K\u00fcr\u015fat \u00c7al\u0131m da Personel Genel M\u00fcd\u00fcrl\u00fc\u011f\u00fcnde Tetkik H\u00e2kimi olarak g\u00f6revlendirildi.<\/p>\n<p><strong>STRATEJ\u0130 GEL\u0130\u015eT\u0130RME BA\u015eKANLI\u011eINA \u00dc\u00c7 YEN\u0130 \u0130S\u0130M<\/strong><\/p>\n<p>Ankara H\u00e2kimi \u00d6mer \u00d6z, Strateji Geli\u015ftirme Ba\u015fkanl\u0131\u011f\u0131nda Tetkik H\u00e2kimi olarak g\u00f6revlendirildi.<\/p>\n<p>Yarg\u0131tay Tetkik H\u00e2kimi Veysel Kars, Strateji Geli\u015ftirme Ba\u015fkanl\u0131\u011f\u0131nda Tetkik H\u00e2kimi olarak g\u00f6revlendirildi.<\/p>\n<p>\u0130zmir H\u00e2kimi \u00d6zg\u00fcr Fidanay da Strateji Geli\u015ftirme Ba\u015fkanl\u0131\u011f\u0131nda Tetkik H\u00e2kimi olarak g\u00f6revlendirildi.<\/p>\n<p>\u0130\u015eYURTLARI KURUMUNA YEN\u0130 G\u00d6REVLEND\u0130RME<\/p>\n<p>Ankara Cumhuriyet Savc\u0131s\u0131 Kubilay Toker, Ceza \u0130nfaz Kurumlar\u0131 ile Tutukevleri \u0130\u015fyurtlar\u0131 Kurumunda Tetkik H\u00e2kimi olarak g\u00f6revlendirildi.<\/p>\n<p>BAKANLIK MERKEZ TE\u015eK\u0130LATINDA YEN\u0130 G\u00d6REVLER<\/p>\n<p>Son g\u00f6revlendirmelerle h\u00e2kim ve Cumhuriyet savc\u0131lar\u0131n\u0131n Adalet Bakanl\u0131\u011f\u0131n\u0131n farkl\u0131 genel m\u00fcd\u00fcrl\u00fck ve ba\u015fkanl\u0131klar\u0131nda \u00fcstlenecekleri yeni g\u00f6revler de netle\u015fmi\u015f oldu.<\/p>\n<p>G\u00f6revlendirmeler; Ceza \u0130\u015fleri Genel M\u00fcd\u00fcrl\u00fc\u011f\u00fc, D\u0131\u015f \u0130li\u015fkiler ve Avrupa Birli\u011fi Genel M\u00fcd\u00fcrl\u00fc\u011f\u00fc, Personel Genel M\u00fcd\u00fcrl\u00fc\u011f\u00fc ve Strateji Geli\u015ftirme Ba\u015fkanl\u0131\u011f\u0131 ba\u015fta olmak \u00fczere Bakanl\u0131\u011f\u0131n merkez te\u015fkilat\u0131ndaki farkl\u0131 birimleri kapsad\u0131.<\/p>\n<p><strong>ET\u0130KETLER: #AdaletBakanl\u0131\u011f\u0131 #Ak\u0131nG\u00fcrlek #H\u00e2kim #Savc\u0131 #CumhuriyetSavc\u0131s\u0131 #TetkikH\u00e2kimi #Ceza\u0130\u015fleri #PersonelGenelM\u00fcd\u00fcrl\u00fc\u011f\u00fc #D\u0131\u015f\u0130li\u015fkiler #Yarg\u0131 #Ankara<\/strong><\/p>\n<p>Adalet Bakanl\u0131\u011f\u0131 b\u00fcnyesindeki genel m\u00fcd\u00fcrl\u00fckler ve daire ba\u015fkanl\u0131klar\u0131nda yeni g\u00f6revlendirmeler ger\u00e7ekle\u015ftirildi. H\u00e2kim ve Cumhuriyet savc\u0131lar\u0131ndan olu\u015fan \u00e7ok say\u0131da isim, Bakanl\u0131\u011f\u0131n merkez te\u015fkilat\u0131ndaki farkl\u0131 birimlerde tetkik h\u00e2kimi olarak g\u00f6revlendirildi.\u00a0<a href=\"https:\/\/www.son.tv\/adalet-bakanliginda-yeni-gorevlendirmeler-hakim-ve-savcilarin-yeni-gorevleri-belli-oldu\/\" target=\"_blank\" class=\"feedzy-rss-link-icon\">Read More<\/a><\/p>","protected":false},"excerpt":{"rendered":"<p>SON.TV\/ANKARA Adalet Bakanl\u0131\u011f\u0131 merkez te\u015fkilat\u0131nda yeni g\u00f6rev de\u011fi\u015fiklikleri yap\u0131ld\u0131. Ger\u00e7ekle\u015ftirilen g\u00f6revlendirmeler kapsam\u0131nda Ceza \u0130\u015fleri Genel M\u00fcd\u00fcrl\u00fc\u011f\u00fc, Hukuk \u0130\u015fleri Genel M\u00fcd\u00fcrl\u00fc\u011f\u00fc, Personel Genel M\u00fcd\u00fcrl\u00fc\u011f\u00fc, Adli Sicil ve \u0130statistik Genel M\u00fcd\u00fcrl\u00fc\u011f\u00fc, D\u0131\u015f \u0130li\u015fkiler ve Avrupa Birli\u011fi Genel M\u00fcd\u00fcrl\u00fc\u011f\u00fc, Strateji Geli\u015ftirme Ba\u015fkanl\u0131\u011f\u0131 ile Adli Destek ve Ma\u011fdur Hizmetleri Dairesi Ba\u015fkanl\u0131\u011f\u0131na yeni isimler g\u00f6revlendirildi. YEN\u0130 G\u00d6REVLEND\u0130RMELER BELL\u0130 OLDU Adalar [&hellip;]<\/p>\n","protected":false},"author":1,"featured_media":0,"comment_status":"open","ping_status":"open","sticky":false,"template":"","format":"standard","meta":{"footnotes":"","_links_to":"","_links_to_target":""},"categories":[1],"tags":[],"class_list":["post-41968","post","type-post","status-publish","format-standard","hentry","category-haberler"],"_links":{"self":[{"href":"https:\/\/www.abchukuk.com\/index.php\/wp-json\/wp\/v2\/posts\/41968","targetHints":{"allow":["GET"]}}],"collection":[{"href":"https:\/\/www.abchukuk.com\/index.php\/wp-json\/wp\/v2\/posts"}],"about":[{"href":"https:\/\/www.abchukuk.com\/index.php\/wp-json\/wp\/v2\/types\/post"}],"author":[{"embeddable":true,"href":"https:\/\/www.abchukuk.com\/index.php\/wp-json\/wp\/v2\/users\/1"}],"replies":[{"embeddable":true,"href":"https:\/\/www.abchukuk.com\/index.php\/wp-json\/wp\/v2\/comments?post=41968"}],"version-history":[{"count":0,"href":"https:\/\/www.abchukuk.com\/index.php\/wp-json\/wp\/v2\/posts\/41968\/revisions"}],"wp:attachment":[{"href":"https:\/\/www.abchukuk.com\/index.php\/wp-json\/wp\/v2\/media?parent=41968"}],"wp:term":[{"taxonomy":"category","embeddable":true,"href":"https:\/\/www.abchukuk.com\/index.php\/wp-json\/wp\/v2\/categories?post=41968"},{"taxonomy":"post_tag","embeddable":true,"href":"https:\/\/www.abchukuk.com\/index.php\/wp-json\/wp\/v2\/tags?post=41968"}],"curies":[{"name":"wp","href":"https:\/\/api.w.org\/{rel}","templated":true}]}}