{"id":41958,"date":"2026-08-31T10:58:55","date_gmt":"2026-08-31T10:58:55","guid":{"rendered":"https:\/\/www.abchukuk.com\/index.php\/2026\/08\/31\/gulistan-doku-sorusturmasinda-yeni-perde-balik-adam-gurkan-gurdal-hakkinda-tutuklama-karari\/"},"modified":"2026-08-31T10:58:55","modified_gmt":"2026-08-31T10:58:55","slug":"gulistan-doku-sorusturmasinda-yeni-perde-balik-adam-gurkan-gurdal-hakkinda-tutuklama-karari","status":"publish","type":"post","link":"https:\/\/www.abchukuk.com\/index.php\/2026\/08\/31\/gulistan-doku-sorusturmasinda-yeni-perde-balik-adam-gurkan-gurdal-hakkinda-tutuklama-karari\/","title":{"rendered":"G\u00fclistan Doku Soru\u015fturmas\u0131nda Yeni Perde: Bal\u0131k Adam G\u00fcrkan G\u00fcrdal Hakk\u0131nda Tutuklama Karar\u0131"},"content":{"rendered":"<p><a href=\"https:\/\/www.gercekgundem.com\/guncel\/gulistan-doku-sorusturmasinda-yeni-perde-balik-adam-gurkan-gurdal-hakkinda-tutuklama-karari-577741\"><br \/>\n                                                            <img decoding=\"async\" src=\"https:\/\/i.gercekgundem.com\/2\/150\/84\/storage\/files\/images\/2026\/08\/31\/gulistan-doku-sorusturmasinda-yeni-perde-balik-adam-gurkan-gurdal-hakkinda-tutuklama-karari-wsz5.jpg\" width=\"150\" height=\"84\" border=\"0\" align=\"right\" \/><br \/>\n                                                    <\/a><\/p>\n<h4>Erzurum Cumhuriyet Ba\u015fsavc\u0131l\u0131\u011f\u0131nca y\u00fcr\u00fct\u00fclen G\u00fclistan Doku soru\u015fturmas\u0131n\u0131n 5. dalga operasyonu kapsam\u0131nda g\u00f6zalt\u0131na al\u0131narak tutuklama talebiyle n\u00f6bet\u00e7i Sulh Ceza H\u00e2kimli\u011fine sevk edilen bal\u0131k adam G\u00fcrkan G\u00fcrdal tutukland\u0131. Ba\u015fsavc\u0131l\u0131k, ayn\u0131 soru\u015fturma kapsam\u0131nda Alaattin Kocamemik ve Vahit \u0130lg\u00f6r hakk\u0131nda verilen adli kontrol kararlar\u0131na ise itiraz etti.<\/h4>\n<p>Erzurum Cumhuriyet Ba\u015fsavc\u0131l\u0131\u011f\u0131nca y\u00fcr\u00fct\u00fclen G\u00fclistan Doku soru\u015fturmas\u0131n\u0131n 5. dalga operasyonu kapsam\u0131nda g\u00f6zalt\u0131na al\u0131narak tutuklama talebiyle n\u00f6bet\u00e7i Sulh Ceza H\u00e2kimli\u011fine sevk edilen bal\u0131k adam G\u00fcrkan G\u00fcrdal tutukland\u0131. Ba\u015fsavc\u0131l\u0131k, ayn\u0131 soru\u015fturma kapsam\u0131nda Alaattin Kocamemik ve Vahit \u0130lg\u00f6r hakk\u0131nda verilen adli kontrol kararlar\u0131na ise itiraz etti.\u00a0<a href=\"https:\/\/www.gercekgundem.com\/guncel\/gulistan-doku-sorusturmasinda-yeni-perde-balik-adam-gurkan-gurdal-hakkinda-tutuklama-karari-577741\" target=\"_blank\" class=\"feedzy-rss-link-icon\">Read More<\/a><\/p>","protected":false},"excerpt":{"rendered":"<p>Erzurum Cumhuriyet Ba\u015fsavc\u0131l\u0131\u011f\u0131nca y\u00fcr\u00fct\u00fclen G\u00fclistan Doku soru\u015fturmas\u0131n\u0131n 5. dalga operasyonu kapsam\u0131nda g\u00f6zalt\u0131na al\u0131narak tutuklama talebiyle n\u00f6bet\u00e7i Sulh Ceza H\u00e2kimli\u011fine sevk edilen bal\u0131k adam G\u00fcrkan G\u00fcrdal tutukland\u0131. Ba\u015fsavc\u0131l\u0131k, ayn\u0131 soru\u015fturma kapsam\u0131nda Alaattin Kocamemik ve Vahit \u0130lg\u00f6r hakk\u0131nda verilen adli kontrol kararlar\u0131na ise itiraz etti. Erzurum Cumhuriyet Ba\u015fsavc\u0131l\u0131\u011f\u0131nca y\u00fcr\u00fct\u00fclen G\u00fclistan Doku soru\u015fturmas\u0131n\u0131n 5. dalga operasyonu kapsam\u0131nda g\u00f6zalt\u0131na [&hellip;]<\/p>\n","protected":false},"author":1,"featured_media":41959,"comment_status":"open","ping_status":"open","sticky":false,"template":"","format":"standard","meta":{"footnotes":"","_links_to":"","_links_to_target":""},"categories":[1],"tags":[],"class_list":["post-41958","post","type-post","status-publish","format-standard","has-post-thumbnail","hentry","category-haberler"],"_links":{"self":[{"href":"https:\/\/www.abchukuk.com\/index.php\/wp-json\/wp\/v2\/posts\/41958","targetHints":{"allow":["GET"]}}],"collection":[{"href":"https:\/\/www.abchukuk.com\/index.php\/wp-json\/wp\/v2\/posts"}],"about":[{"href":"https:\/\/www.abchukuk.com\/index.php\/wp-json\/wp\/v2\/types\/post"}],"author":[{"embeddable":true,"href":"https:\/\/www.abchukuk.com\/index.php\/wp-json\/wp\/v2\/users\/1"}],"replies":[{"embeddable":true,"href":"https:\/\/www.abchukuk.com\/index.php\/wp-json\/wp\/v2\/comments?post=41958"}],"version-history":[{"count":0,"href":"https:\/\/www.abchukuk.com\/index.php\/wp-json\/wp\/v2\/posts\/41958\/revisions"}],"wp:featuredmedia":[{"embeddable":true,"href":"https:\/\/www.abchukuk.com\/index.php\/wp-json\/wp\/v2\/media\/41959"}],"wp:attachment":[{"href":"https:\/\/www.abchukuk.com\/index.php\/wp-json\/wp\/v2\/media?parent=41958"}],"wp:term":[{"taxonomy":"category","embeddable":true,"href":"https:\/\/www.abchukuk.com\/index.php\/wp-json\/wp\/v2\/categories?post=41958"},{"taxonomy":"post_tag","embeddable":true,"href":"https:\/\/www.abchukuk.com\/index.php\/wp-json\/wp\/v2\/tags?post=41958"}],"curies":[{"name":"wp","href":"https:\/\/api.w.org\/{rel}","templated":true}]}}