{"id":41957,"date":"2026-08-31T08:07:38","date_gmt":"2026-08-31T08:07:38","guid":{"rendered":"https:\/\/www.abchukuk.com\/index.php\/2026\/08\/31\/haksiz-yere-ihrac-edildim-diyen-eski-hakim-sidar-demiroglunun-hsk-dosyasindan-carpici-ayrintilar-ortaya-cikti\/"},"modified":"2026-08-31T08:07:38","modified_gmt":"2026-08-31T08:07:38","slug":"haksiz-yere-ihrac-edildim-diyen-eski-hakim-sidar-demiroglunun-hsk-dosyasindan-carpici-ayrintilar-ortaya-cikti","status":"publish","type":"post","link":"https:\/\/www.abchukuk.com\/index.php\/2026\/08\/31\/haksiz-yere-ihrac-edildim-diyen-eski-hakim-sidar-demiroglunun-hsk-dosyasindan-carpici-ayrintilar-ortaya-cikti\/","title":{"rendered":"\u201cHaks\u0131z yere ihra\u00e7 edildim\u201d diyen eski h\u00e2kim Sidar Demiro\u011flu\u2019nun HSK dosyas\u0131ndan \u00e7arp\u0131c\u0131 ayr\u0131nt\u0131lar ortaya \u00e7\u0131kt\u0131!"},"content":{"rendered":"<p><strong>SON.TV\/ANKARA<\/strong><\/p>\n<p>\u0130stanbul Anadolu Adliyesinde g\u00f6rev yapt\u0131\u011f\u0131 d\u00f6nemde hakk\u0131nda H\u00e2kimler ve Savc\u0131lar Kurulu taraf\u0131ndan inceleme ve soru\u015fturma y\u00fcr\u00fct\u00fclen eski h\u00e2kim Sidar Demiro\u011flu, sosyal medya \u00fczerinden yapt\u0131\u011f\u0131 a\u00e7\u0131klamalarla yeniden g\u00fcndeme geldi.<\/p>\n<p>Demiro\u011flu, HSK taraf\u0131ndan hakk\u0131nda verilen meslekten \u00e7\u0131karma karar\u0131na kar\u015f\u0131 hukuki haklar\u0131n\u0131 kullanaca\u011f\u0131n\u0131 a\u00e7\u0131klarken, HSK dosyas\u0131nda yer alan tahliye kararlar\u0131, mali hareketler ve di\u011fer iddialara ili\u015fkin ayr\u0131nt\u0131lar dikkat \u00e7ekti.<\/p>\n<p>Demiro\u011flu, \u0130stanbul Anadolu 21. A\u011f\u0131r Ceza Mahkemesi Ba\u015fkan\u0131 olarak g\u00f6rev yapt\u0131\u011f\u0131 2023 y\u0131l\u0131nda HSK taraf\u0131ndan g\u00f6revlendirilen m\u00fcfetti\u015flerin incelemesinin ard\u0131ndan ge\u00e7ici olarak g\u00f6revden uzakla\u015ft\u0131r\u0131lm\u0131\u015ft\u0131.<span class=\"Apple-converted-space\">\u00a0<\/span><\/p>\n<p><strong>SOSYAL MEDYADA \u201cHAKSIZ \u0130HRA\u00c7\u201d PAYLA\u015eIMLARI<\/strong><\/p>\n<p>Demiro\u011flu, son d\u00f6nemde sosyal medya \u00fczerinden meslekten \u00e7\u0131kar\u0131lmas\u0131na ili\u015fkin a\u00e7\u0131klamalarda bulundu. HSK 2. Dairesinin 16 Haziran 2026\u2019da hakk\u0131nda meslekten \u00e7\u0131karma karar\u0131 verdi\u011fini belirten Demiro\u011flu, yeniden inceleme, itiraz ve iptal davas\u0131 haklar\u0131n\u0131 kullanaca\u011f\u0131n\u0131 a\u00e7\u0131klad\u0131.<span class=\"Apple-converted-space\">\u00a0<\/span><\/p>\n<p>HSK s\u00fcrecinin ge\u00e7mi\u015fi ise 2023 y\u0131l\u0131na uzan\u0131yor. D\u00f6nemin \u0130stanbul Anadolu Cumhuriyet Ba\u015fsavc\u0131s\u0131 \u0130smail U\u00e7ar\u2019\u0131n HSK\u2019ya g\u00f6nderdi\u011fi dilek\u00e7ede yer alan r\u00fc\u015fvet ve usuls\u00fczl\u00fck iddialar\u0131n\u0131n ard\u0131ndan m\u00fcfetti\u015fler g\u00f6revlendirilmi\u015f, Demiro\u011flu 23 Kas\u0131m 2023\u2019te ge\u00e7ici olarak g\u00f6revden uzakla\u015ft\u0131r\u0131lm\u0131\u015ft\u0131.<span class=\"Apple-converted-space\">\u00a0<\/span><\/p>\n<p><strong>UYU\u015eTURUCU, YA\u011eMA, YASA DI\u015eI BAH\u0130S, S\u0130LAH T\u0130CARET\u0130 VE TAHL\u0130YE KARARLARI TEK TEK \u0130NCELEND\u0130<\/strong><\/p>\n<p>HSK dosyas\u0131ndaki \u00f6nemli ba\u015fl\u0131klardan birini Demiro\u011flu\u2019nun \u0130stanbul Anadolu 4. Sulh Ceza H\u00e2kimi olarak g\u00f6rev yapt\u0131\u011f\u0131 d\u00f6nemde verdi\u011fi tahliye ve adli kontrol kararlar\u0131 olu\u015fturdu.<\/p>\n<p>Dosyada; uyu\u015fturucu madde ticareti, ya\u011fma, silah ticareti, yasa d\u0131\u015f\u0131 bahis ve kasten \u00f6ld\u00fcrmeye te\u015febb\u00fcs gibi su\u00e7lara ili\u015fkin soru\u015fturmalarda tutuklanan \u00e7ok say\u0131da \u015f\u00fcpheli hakk\u0131nda verilen kararlar\u0131n incelendi\u011fi belirtildi.<\/p>\n<p>Demiro\u011flu hakk\u0131nda 2023 y\u0131l\u0131nda g\u00fcndeme gelen ihbar dilek\u00e7esinde de uyu\u015fturucu ticaretiyle su\u00e7lanan ki\u015filer hakk\u0131nda verilen tahliye kararlar\u0131na ili\u015fkin iddialar kamuoyuna yans\u0131m\u0131\u015ft\u0131.<span class=\"Apple-converted-space\">\u00a0<\/span><\/p>\n<p>HSK dosyas\u0131ndaki bilgilere g\u00f6re uyu\u015fturucu ticareti soru\u015fturmalar\u0131nda Ramazan Kenta\u00e7, Mesut Do\u011fru, Ersin Co\u015fkun, Hakan Bal, Y\u0131lmaz G\u00fcr\u00e7ay, Atila Y\u0131ld\u0131r\u0131m, Mesut Y\u00fcksel, Aliya Karata\u015f, Murat Karata\u015f, Hakan Karata\u015f ve Emre Saka hakk\u0131nda verilen tahliye veya adli kontrol kararlar\u0131 inceleme konusu yap\u0131ld\u0131.<\/p>\n<p>Silah ticareti soru\u015fturmalar\u0131nda Nedim G\u00fcndo\u011fdu, Y\u0131ld\u0131r\u0131m Tu\u011frul Kort ve Umut Alkan, ya\u011fma soru\u015fturmas\u0131nda Umut \u00dc\u00e7g\u00fcl ile yasa d\u0131\u015f\u0131 bahis soru\u015fturmas\u0131nda Sabahattin \u015eahin ve Ertu\u011frul Merto\u011flu hakk\u0131nda verilen kararlar da dosyaya girdi.<\/p>\n<p><strong>4 \u015e\u00dcPHEL\u0130 TAHL\u0130YEDEN SONRA YAKALANAMADI<\/strong><\/p>\n<p>HSK Ba\u015fm\u00fcfetti\u015fli\u011finin incelemesine ili\u015fkin verilen bilgilere g\u00f6re Ramazan Kenta\u00e7, Mesut Do\u011fru, Hakan Bal ve Atila Y\u0131ld\u0131r\u0131m\u2019\u0131n tahliye kararlar\u0131n\u0131n ard\u0131ndan yeniden yakalanamad\u0131\u011f\u0131 kaydedildi.<\/p>\n<p>Bu ki\u015filer hakk\u0131nda daha sonra a\u00e7\u0131lan davalarda a\u011f\u0131r ceza mahkemelerince yakalama kararlar\u0131 \u00e7\u0131kar\u0131ld\u0131\u011f\u0131, soru\u015fturma makamlar\u0131n\u0131n s\u00f6z konusu eylemleri \u201cg\u00f6revi k\u00f6t\u00fcye kullanma\u201dn\u0131n yan\u0131 s\u0131ra \u201csu\u00e7luyu kay\u0131rma\u201d su\u00e7lamas\u0131 kapsam\u0131nda da de\u011ferlendirdi\u011fi belirtildi.<\/p>\n<p><strong>BA\u015eKA H\u00c2K\u0130M\u0130N TUTUKLADI\u011eI \u015e\u00dcPHEL\u0130 \u0130\u00c7\u0130N MAKAM ODASINA G\u0130TT\u0130<\/strong><\/p>\n<p>HSK dosyas\u0131nda ba\u015fka h\u00e2kimlerin bakt\u0131\u011f\u0131 soru\u015fturmalara ili\u015fkin temas iddialar\u0131 da yer ald\u0131.<\/p>\n<p>Dosyadaki tespitlere g\u00f6re Demiro\u011flu\u2019nun, uyu\u015fturucu madde ticareti su\u00e7undan bir \u015f\u00fcphelinin tutuklanmas\u0131na karar veren H\u00e2kim Ecem Temo\u00e7in\u2019in makam odas\u0131na giderek \u015f\u00fcphelinin ailesini tan\u0131d\u0131\u011f\u0131n\u0131 s\u00f6yledi\u011fi belirtildi.<\/p>\n<p>Daha sonra tutuklulu\u011fun devam\u0131na ili\u015fkin talebin Demiro\u011flu\u2019nun \u00f6n\u00fcne geldi\u011fi ve Demiro\u011flu\u2019nun tahliye karar\u0131 verdi\u011fi kaydedildi.<\/p>\n<p>\u201c<strong>DOSYASINA B\u0130R DE\u011e\u0130L, \u0130K\u0130 DE\u011e\u0130L, D\u00d6RT BE\u015e KEZ BAK\u201d<\/strong><\/p>\n<p>HSK soru\u015fturmas\u0131nda yer alan bir ba\u015fka tespite g\u00f6re Demiro\u011flu\u2019nun kasten yaralama soru\u015fturmas\u0131nda tutuklamaya sevk edilen Hac\u0131 Ali Tarlac\u0131 konusunda H\u00e2kim Ecem Temo\u00e7in\u2019i telefonla arad\u0131\u011f\u0131 belirtildi.<\/p>\n<p>Dosyada Demiro\u011flu\u2019nun, \u201c\u015eahs\u0131n dosyas\u0131na bir kere de\u011fil, iki kere de\u011fil, \u00fc\u00e7 kere de\u011fil, d\u00f6rt, be\u015f kez bak\u201d dedi\u011fi kaydedildi.<\/p>\n<p>Ayn\u0131 \u015f\u00fcpheliye ili\u015fkin daha sonraki s\u00fcre\u00e7te ba\u015fka bir sulh ceza h\u00e2kimine de dosya numaras\u0131 ve \u015f\u00fcphelinin isminin g\u00f6nderildi\u011fi belirtildi.<\/p>\n<p><strong>KASTEN \u00d6LD\u00dcRMEYE TE\u015eEBB\u00dcS DOSYASINDA TAHL\u0130YE MERCEK ALTINDA<\/strong><\/p>\n<p>HSK dosyas\u0131nda Mehmet Fatih Bo\u011fa hakk\u0131nda verilen tahliye karar\u0131 da inceleme konusu oldu.<\/p>\n<p>Bo\u011fa\u2019n\u0131n kasten \u00f6ld\u00fcrmeye te\u015febb\u00fcs soru\u015fturmas\u0131nda tutukland\u0131\u011f\u0131, tutuklulu\u011funa yap\u0131lan itiraz\u0131n reddedildi\u011fi ve hakk\u0131nda \u00fc\u00e7 kez \u00f6ld\u00fcrmeye te\u015febb\u00fcs su\u00e7undan cezaland\u0131r\u0131lmas\u0131 talebiyle iddianame d\u00fczenlendi\u011fi belirtildi.<\/p>\n<p>Dosyan\u0131n a\u011f\u0131r ceza mahkemesinde iddianamenin de\u011ferlendirilmesi a\u015famas\u0131nda bulundu\u011fu s\u0131rada Demiro\u011flu\u2019nun dosyay\u0131 getirterek tahliye karar\u0131 verdi\u011fi y\u00f6n\u00fcndeki tespit HSK dosyas\u0131na girdi.<\/p>\n<p><strong>R\u00dc\u015eVET \u0130DD\u0130ALARI DA DOSYAYA G\u0130RD\u0130<\/strong><\/p>\n<p>Birle\u015fen HSK dosyalar\u0131nda Demiro\u011flu hakk\u0131nda menfaat kar\u015f\u0131l\u0131\u011f\u0131nda tahliye karar\u0131 verildi\u011fi y\u00f6n\u00fcndeki iddialar da inceleme konusu yap\u0131ld\u0131.<\/p>\n<p>Verilen bilgilere g\u00f6re Demiro\u011flu\u2019nun avukat Recep Saraffo\u011flu arac\u0131l\u0131\u011f\u0131yla baz\u0131 tutuklu \u015f\u00fcphelilerden menfaat sa\u011flad\u0131\u011f\u0131 ve bunun kar\u015f\u0131l\u0131\u011f\u0131nda tahliye kararlar\u0131 verdi\u011fi iddia edildi.<\/p>\n<p>Bu b\u00f6l\u00fcmdeki isnatlar kesinle\u015fmi\u015f mahk\u00fbmiyet de\u011fil, soru\u015fturma ve yarg\u0131lama konusu su\u00e7lamalar niteli\u011finde bulunuyor.<\/p>\n<p><strong>GEL\u0130R-HARCAMA DENGES\u0130 DE MERCEK ALTINA ALINDI<\/strong><\/p>\n<p>Soru\u015fturma kapsam\u0131nda Demiro\u011flu ve e\u015finin mali durumu hakk\u0131nda da bilirki\u015fi incelemesi yapt\u0131r\u0131ld\u0131\u011f\u0131 belirtildi.<\/p>\n<p>Dosyadaki bilirki\u015fi tespitlerine g\u00f6re 2022 ve 2023 y\u0131llar\u0131nda elde edilen gelirler ile ayn\u0131 d\u00f6nemdeki harcamalar, bor\u00e7 \u00f6demeleri ve nakit i\u015flemleri aras\u0131nda uyumsuzluk bulundu\u011fu de\u011ferlendirildi.<\/p>\n<p>2017 model Passat marka arac\u0131n al\u0131m\u0131 ve \u00e7ocuklar\u0131n\u0131n \u00f6\u011frenim g\u00f6rd\u00fc\u011f\u00fc \u00f6zel okula yap\u0131ld\u0131\u011f\u0131 belirtilen 225 bin TL\u2019lik elden \u00f6deme de inceleme kapsam\u0131nda de\u011ferlendirildi.<\/p>\n<p><strong>ARA\u00c7, PARA TRANSFERLER\u0130 VE TELEFON \u0130RT\u0130BATLARI \u0130NCELEND\u0130<\/strong><\/p>\n<p>Birle\u015fen ba\u015fka bir soru\u015fturmada Veysi ve B\u00fcnyamin Batmaz\u2019a ait \u015firket ad\u0131na kay\u0131tl\u0131 araca y\u00f6nelik idari para cezalar\u0131n\u0131n tevziye sokulmadan Demiro\u011flu\u2019nun g\u00f6rev yapt\u0131\u011f\u0131 h\u00e2kimlikte kayda al\u0131narak iptal edildi\u011fi y\u00f6n\u00fcndeki tespitlere yer verildi.<\/p>\n<p>Ara\u00e7 al\u0131m-sat\u0131mlar\u0131, para transferleri ve telefon g\u00f6r\u00fc\u015fme kay\u0131tlar\u0131 da soru\u015fturma dosyas\u0131na girdi.<\/p>\n<p><strong>HSK \u0130K\u0130 AYRI DOSYADAN MESLEKTEN \u00c7IKARMA CEZASI VERD\u0130<\/strong><\/p>\n<p>Verilen bilgilere g\u00f6re HSK \u0130kinci Dairesi, 16 Haziran 2026 tarihli karar\u0131yla Demiro\u011flu hakk\u0131nda iki ayr\u0131 dosya y\u00f6n\u00fcnden meslekten \u00e7\u0131karma cezas\u0131na h\u00fckmetti.<\/p>\n<p>Demiro\u011flu da son a\u00e7\u0131klamas\u0131nda HSK 2. Dairesinin 16 Haziran 2026\u2019da meslekten \u00e7\u0131karma karar\u0131 verdi\u011fini do\u011frulad\u0131 ve karara kar\u015f\u0131 yeniden inceleme, itiraz ve iptal davas\u0131 yollar\u0131na ba\u015fvuraca\u011f\u0131n\u0131 bildirdi.<span class=\"Apple-converted-space\">\u00a0<\/span><\/p>\n<p><strong>CEZA YARGILAMALARI DEVAM ED\u0130YOR<\/strong><\/p>\n<p>Demiro\u011flu hakk\u0131ndaki s\u00fcre\u00e7 HSK\u2019daki disiplin dosyalar\u0131yla s\u0131n\u0131rl\u0131 de\u011fil.<\/p>\n<p>Payla\u015f\u0131lan dosya bilgilerine g\u00f6re \u201csu\u00e7luyu kay\u0131rma, g\u00f6revi k\u00f6t\u00fcye kullanma ve 3628 say\u0131l\u0131 Kanun\u2019a muhalefet\u201d su\u00e7lamalar\u0131n\u0131n yer ald\u0131\u011f\u0131 ceza dosyas\u0131 Yarg\u0131tay 7. Ceza Dairesinde ilk derece mahkemesi s\u0131fat\u0131yla g\u00f6r\u00fcl\u00fcyor.<\/p>\n<p>Ba\u015fka dosyalardaki g\u00f6revi k\u00f6t\u00fcye kullanma ve r\u00fc\u015fvet su\u00e7lamalar\u0131na ili\u015fkin yarg\u0131sal s\u00fcre\u00e7lerin de devam etti\u011fi belirtildi.<\/p>\n<p><strong>DEM\u0130RO\u011eLU SU\u00c7LAMALARI KABUL ETM\u0130YOR<\/strong><\/p>\n<p>Demiro\u011flu ise hakk\u0131ndaki isnatlar\u0131n somut delillere dayanmad\u0131\u011f\u0131n\u0131 ve verdi\u011fi kararlar\u0131n yarg\u0131sal takdir yetkisi kapsam\u0131nda oldu\u011funu savunuyor.<\/p>\n<p>HSK\u2019n\u0131n meslekten \u00e7\u0131karma karar\u0131na kar\u015f\u0131 hukuki yollar\u0131 kullanaca\u011f\u0131n\u0131 a\u00e7\u0131klayan Demiro\u011flu, kendisine y\u00f6neltilen iddialara itirazlar\u0131n\u0131 s\u00fcrd\u00fcr\u00fcyor.<span class=\"Apple-converted-space\">\u00a0<\/span><\/p>\n<p><strong>ET\u0130KETLER: #SidarDemiro\u011flu #HSK #H\u00e2kimlerveSavc\u0131larKurulu #Yarg\u0131 #Tahliye #Uyu\u015fturucu #YasaD\u0131\u015f\u0131Bahis #SilahTicareti #R\u00fc\u015fvet #Yarg\u0131tay<\/strong><\/p>\n<p>\u00a0<\/p>\n<p>\u00a0<\/p>\n<p>HSK \u0130kinci Dairesince iki ayr\u0131 dosyadan meslekten \u00e7\u0131karma cezas\u0131 verilen eski h\u00e2kim Sidar Demiro\u011flu\u2019nun sosyal medyadaki \u201chaks\u0131z ihra\u00e7\u201d a\u00e7\u0131klamalar\u0131n\u0131n ard\u0131ndan hakk\u0131ndaki HSK dosyas\u0131n\u0131n ayr\u0131nt\u0131lar\u0131 ortaya \u00e7\u0131kt\u0131. Dosyada uyu\u015fturucu ticareti, silah ticareti, ya\u011fma ve yasa d\u0131\u015f\u0131 bahis soru\u015fturmalar\u0131ndaki tahliye kararlar\u0131ndan r\u00fc\u015fvet ve haks\u0131z mal edinme iddialar\u0131na, ba\u015fka h\u00e2kimlerin bakt\u0131\u011f\u0131 dosyalara y\u00f6nelik temaslardan gelir-harcama dengesine kadar \u00e7ok say\u0131da ba\u015fl\u0131k yer ald\u0131. Demiro\u011flu hakk\u0131ndaki ceza yarg\u0131lamalar\u0131 ise s\u00fcr\u00fcyor.\u00a0<a href=\"https:\/\/www.son.tv\/haksiz-yere-ihrac-edildim-diyen-eski-hakim-sidar-demiroglunun-hsk-dosyasindan-carpici-ayrintilar-ortaya-cikti\/\" target=\"_blank\" class=\"feedzy-rss-link-icon\">Read More<\/a><\/p>","protected":false},"excerpt":{"rendered":"<p>SON.TV\/ANKARA \u0130stanbul Anadolu Adliyesinde g\u00f6rev yapt\u0131\u011f\u0131 d\u00f6nemde hakk\u0131nda H\u00e2kimler ve Savc\u0131lar Kurulu taraf\u0131ndan inceleme ve soru\u015fturma y\u00fcr\u00fct\u00fclen eski h\u00e2kim Sidar Demiro\u011flu, sosyal medya \u00fczerinden yapt\u0131\u011f\u0131 a\u00e7\u0131klamalarla yeniden g\u00fcndeme geldi. Demiro\u011flu, HSK taraf\u0131ndan hakk\u0131nda verilen meslekten \u00e7\u0131karma karar\u0131na kar\u015f\u0131 hukuki haklar\u0131n\u0131 kullanaca\u011f\u0131n\u0131 a\u00e7\u0131klarken, HSK dosyas\u0131nda yer alan tahliye kararlar\u0131, mali hareketler ve di\u011fer iddialara ili\u015fkin ayr\u0131nt\u0131lar [&hellip;]<\/p>\n","protected":false},"author":1,"featured_media":0,"comment_status":"open","ping_status":"open","sticky":false,"template":"","format":"standard","meta":{"footnotes":"","_links_to":"","_links_to_target":""},"categories":[1],"tags":[],"class_list":["post-41957","post","type-post","status-publish","format-standard","hentry","category-haberler"],"_links":{"self":[{"href":"https:\/\/www.abchukuk.com\/index.php\/wp-json\/wp\/v2\/posts\/41957","targetHints":{"allow":["GET"]}}],"collection":[{"href":"https:\/\/www.abchukuk.com\/index.php\/wp-json\/wp\/v2\/posts"}],"about":[{"href":"https:\/\/www.abchukuk.com\/index.php\/wp-json\/wp\/v2\/types\/post"}],"author":[{"embeddable":true,"href":"https:\/\/www.abchukuk.com\/index.php\/wp-json\/wp\/v2\/users\/1"}],"replies":[{"embeddable":true,"href":"https:\/\/www.abchukuk.com\/index.php\/wp-json\/wp\/v2\/comments?post=41957"}],"version-history":[{"count":0,"href":"https:\/\/www.abchukuk.com\/index.php\/wp-json\/wp\/v2\/posts\/41957\/revisions"}],"wp:attachment":[{"href":"https:\/\/www.abchukuk.com\/index.php\/wp-json\/wp\/v2\/media?parent=41957"}],"wp:term":[{"taxonomy":"category","embeddable":true,"href":"https:\/\/www.abchukuk.com\/index.php\/wp-json\/wp\/v2\/categories?post=41957"},{"taxonomy":"post_tag","embeddable":true,"href":"https:\/\/www.abchukuk.com\/index.php\/wp-json\/wp\/v2\/tags?post=41957"}],"curies":[{"name":"wp","href":"https:\/\/api.w.org\/{rel}","templated":true}]}}