{"id":41955,"date":"2026-08-31T08:21:00","date_gmt":"2026-08-31T08:21:00","guid":{"rendered":"https:\/\/www.abchukuk.com\/index.php\/2026\/08\/31\/girnedeki-faciada-yeni-gelisme-gozaltina-alinan-9-kisi-mahkemeye-sevk-edildi\/"},"modified":"2026-08-31T08:21:00","modified_gmt":"2026-08-31T08:21:00","slug":"girnedeki-faciada-yeni-gelisme-gozaltina-alinan-9-kisi-mahkemeye-sevk-edildi","status":"publish","type":"post","link":"https:\/\/www.abchukuk.com\/index.php\/2026\/08\/31\/girnedeki-faciada-yeni-gelisme-gozaltina-alinan-9-kisi-mahkemeye-sevk-edildi\/","title":{"rendered":"Girne&#8217;deki faciada yeni geli\u015fme: G\u00f6zalt\u0131na al\u0131nan 9 ki\u015fi mahkemeye sevk edildi"},"content":{"rendered":"<p>KKTC&#8217;nin Girne kenti a\u00e7\u0131klar\u0131nda 8 ki\u015finin hayat\u0131n\u0131 kaybetti\u011fi yolcu gemisi kazas\u0131na ili\u015fkin yakalan\u0131p g\u00f6zalt\u0131na al\u0131nan 9 ki\u015fi mahkemeye sevk edildi.KKTC&#8217;nin Girne kenti a\u00e7\u0131klar\u0131nda 8 ki\u015finin hayat\u0131n\u0131 kaybetti\u011fi yolcu gemisi kazas\u0131na ili\u015fkin yakalan\u0131p g\u00f6zalt\u0131na al\u0131nan 9 ki\u015fi mahkemeye sevk edildi.\u00a0<a href=\"https:\/\/www.cumhuriyet.com.tr\/turkiye\/girne-deki-faciada-yeni-gelisme-gozaltina-alinan-9-kisi-mahkemeye-sevk-edildi-2533722\" target=\"_blank\" class=\"feedzy-rss-link-icon\">Read More<\/a><\/p>","protected":false},"excerpt":{"rendered":"<p>KKTC&#8217;nin Girne kenti a\u00e7\u0131klar\u0131nda 8 ki\u015finin hayat\u0131n\u0131 kaybetti\u011fi yolcu gemisi kazas\u0131na ili\u015fkin yakalan\u0131p g\u00f6zalt\u0131na al\u0131nan 9 ki\u015fi mahkemeye sevk edildi.KKTC&#8217;nin Girne kenti a\u00e7\u0131klar\u0131nda 8 ki\u015finin hayat\u0131n\u0131 kaybetti\u011fi yolcu gemisi kazas\u0131na ili\u015fkin yakalan\u0131p g\u00f6zalt\u0131na al\u0131nan 9 ki\u015fi mahkemeye sevk edildi.\u00a0Read More<\/p>\n","protected":false},"author":1,"featured_media":41956,"comment_status":"open","ping_status":"open","sticky":false,"template":"","format":"standard","meta":{"footnotes":"","_links_to":"","_links_to_target":""},"categories":[1],"tags":[],"class_list":["post-41955","post","type-post","status-publish","format-standard","has-post-thumbnail","hentry","category-haberler"],"_links":{"self":[{"href":"https:\/\/www.abchukuk.com\/index.php\/wp-json\/wp\/v2\/posts\/41955","targetHints":{"allow":["GET"]}}],"collection":[{"href":"https:\/\/www.abchukuk.com\/index.php\/wp-json\/wp\/v2\/posts"}],"about":[{"href":"https:\/\/www.abchukuk.com\/index.php\/wp-json\/wp\/v2\/types\/post"}],"author":[{"embeddable":true,"href":"https:\/\/www.abchukuk.com\/index.php\/wp-json\/wp\/v2\/users\/1"}],"replies":[{"embeddable":true,"href":"https:\/\/www.abchukuk.com\/index.php\/wp-json\/wp\/v2\/comments?post=41955"}],"version-history":[{"count":0,"href":"https:\/\/www.abchukuk.com\/index.php\/wp-json\/wp\/v2\/posts\/41955\/revisions"}],"wp:featuredmedia":[{"embeddable":true,"href":"https:\/\/www.abchukuk.com\/index.php\/wp-json\/wp\/v2\/media\/41956"}],"wp:attachment":[{"href":"https:\/\/www.abchukuk.com\/index.php\/wp-json\/wp\/v2\/media?parent=41955"}],"wp:term":[{"taxonomy":"category","embeddable":true,"href":"https:\/\/www.abchukuk.com\/index.php\/wp-json\/wp\/v2\/categories?post=41955"},{"taxonomy":"post_tag","embeddable":true,"href":"https:\/\/www.abchukuk.com\/index.php\/wp-json\/wp\/v2\/tags?post=41955"}],"curies":[{"name":"wp","href":"https:\/\/api.w.org\/{rel}","templated":true}]}}