{"id":41953,"date":"2026-08-31T08:41:00","date_gmt":"2026-08-31T08:41:00","guid":{"rendered":"https:\/\/www.abchukuk.com\/index.php\/2026\/08\/31\/batmanda-spor-salonunda-yangin-faciasi-isletme-sahibi-ve-2-personel-gozaltina-alindi\/"},"modified":"2026-08-31T08:41:00","modified_gmt":"2026-08-31T08:41:00","slug":"batmanda-spor-salonunda-yangin-faciasi-isletme-sahibi-ve-2-personel-gozaltina-alindi","status":"publish","type":"post","link":"https:\/\/www.abchukuk.com\/index.php\/2026\/08\/31\/batmanda-spor-salonunda-yangin-faciasi-isletme-sahibi-ve-2-personel-gozaltina-alindi\/","title":{"rendered":"Batman&#8217;da spor salonunda yang\u0131n facias\u0131: \u0130\u015fletme sahibi ve 2 personel g\u00f6zalt\u0131na al\u0131nd\u0131!"},"content":{"rendered":"<p>Batman&#8217;da bir spor salonunda \u00e7\u0131kan, 3 ki\u015finin hayat\u0131n\u0131 kaybetti\u011fi, 9 ki\u015finin de yaraland\u0131\u011f\u0131 yang\u0131na ili\u015fkin soru\u015fturma kapsam\u0131nda i\u015fletme sahibi ile 2 \u00e7al\u0131\u015fan, g\u00f6zalt\u0131na al\u0131nd\u0131.Batman&#8217;da bir spor salonunda \u00e7\u0131kan, 3 ki\u015finin hayat\u0131n\u0131 kaybetti\u011fi, 9 ki\u015finin de yaraland\u0131\u011f\u0131 yang\u0131na ili\u015fkin soru\u015fturma kapsam\u0131nda i\u015fletme sahibi ile 2 \u00e7al\u0131\u015fan, g\u00f6zalt\u0131na al\u0131nd\u0131.\u00a0<a href=\"https:\/\/www.cumhuriyet.com.tr\/turkiye\/batman-da-spor-salonunda-yangin-faciasi-isletme-sahibi-ve-2-personel-gozaltina-alindi-2533727\" target=\"_blank\" class=\"feedzy-rss-link-icon\">Read More<\/a><\/p>","protected":false},"excerpt":{"rendered":"<p>Batman&#8217;da bir spor salonunda \u00e7\u0131kan, 3 ki\u015finin hayat\u0131n\u0131 kaybetti\u011fi, 9 ki\u015finin de yaraland\u0131\u011f\u0131 yang\u0131na ili\u015fkin soru\u015fturma kapsam\u0131nda i\u015fletme sahibi ile 2 \u00e7al\u0131\u015fan, g\u00f6zalt\u0131na al\u0131nd\u0131.Batman&#8217;da bir spor salonunda \u00e7\u0131kan, 3 ki\u015finin hayat\u0131n\u0131 kaybetti\u011fi, 9 ki\u015finin de yaraland\u0131\u011f\u0131 yang\u0131na ili\u015fkin soru\u015fturma kapsam\u0131nda i\u015fletme sahibi ile 2 \u00e7al\u0131\u015fan, g\u00f6zalt\u0131na al\u0131nd\u0131.\u00a0Read More<\/p>\n","protected":false},"author":1,"featured_media":41954,"comment_status":"open","ping_status":"open","sticky":false,"template":"","format":"standard","meta":{"footnotes":"","_links_to":"","_links_to_target":""},"categories":[1],"tags":[],"class_list":["post-41953","post","type-post","status-publish","format-standard","has-post-thumbnail","hentry","category-haberler"],"_links":{"self":[{"href":"https:\/\/www.abchukuk.com\/index.php\/wp-json\/wp\/v2\/posts\/41953","targetHints":{"allow":["GET"]}}],"collection":[{"href":"https:\/\/www.abchukuk.com\/index.php\/wp-json\/wp\/v2\/posts"}],"about":[{"href":"https:\/\/www.abchukuk.com\/index.php\/wp-json\/wp\/v2\/types\/post"}],"author":[{"embeddable":true,"href":"https:\/\/www.abchukuk.com\/index.php\/wp-json\/wp\/v2\/users\/1"}],"replies":[{"embeddable":true,"href":"https:\/\/www.abchukuk.com\/index.php\/wp-json\/wp\/v2\/comments?post=41953"}],"version-history":[{"count":0,"href":"https:\/\/www.abchukuk.com\/index.php\/wp-json\/wp\/v2\/posts\/41953\/revisions"}],"wp:featuredmedia":[{"embeddable":true,"href":"https:\/\/www.abchukuk.com\/index.php\/wp-json\/wp\/v2\/media\/41954"}],"wp:attachment":[{"href":"https:\/\/www.abchukuk.com\/index.php\/wp-json\/wp\/v2\/media?parent=41953"}],"wp:term":[{"taxonomy":"category","embeddable":true,"href":"https:\/\/www.abchukuk.com\/index.php\/wp-json\/wp\/v2\/categories?post=41953"},{"taxonomy":"post_tag","embeddable":true,"href":"https:\/\/www.abchukuk.com\/index.php\/wp-json\/wp\/v2\/tags?post=41953"}],"curies":[{"name":"wp","href":"https:\/\/api.w.org\/{rel}","templated":true}]}}