{"id":41951,"date":"2026-08-31T08:51:00","date_gmt":"2026-08-31T08:51:00","guid":{"rendered":"https:\/\/www.abchukuk.com\/index.php\/2026\/08\/31\/ibb-davasinda-72-durusma-gunu-sahan-ve-calikin-tahliyeye-iliskin-beyanda-bulunmasi-bekleniyor\/"},"modified":"2026-08-31T08:51:00","modified_gmt":"2026-08-31T08:51:00","slug":"ibb-davasinda-72-durusma-gunu-sahan-ve-calikin-tahliyeye-iliskin-beyanda-bulunmasi-bekleniyor","status":"publish","type":"post","link":"https:\/\/www.abchukuk.com\/index.php\/2026\/08\/31\/ibb-davasinda-72-durusma-gunu-sahan-ve-calikin-tahliyeye-iliskin-beyanda-bulunmasi-bekleniyor\/","title":{"rendered":"\u0130BB Davas\u0131nda 72. duru\u015fma g\u00fcn\u00fc: \u015eahan ve \u00c7al\u0131k\u2019\u0131n tahliyeye ili\u015fkin beyanda bulunmas\u0131 bekleniyor"},"content":{"rendered":"<p>\u0130stanbul B\u00fcy\u00fck\u015fehir Belediye Ba\u015fkan\u0131 Ekrem \u0130mamo\u011flu&#8217;nun da aras\u0131nda bulundu\u011fu 53&#8217;\u00fc tutuklu 414 san\u0131kl\u0131 \u0130BB Davas\u0131&#8217;n\u0131n g\u00f6r\u00fclmesine 72. g\u00fcn\u00fcnde devam ediliyor. Bu hafta, tutuklu isimler ve onlar\u0131n avukatlar\u0131 tahliyeye ili\u015fkin beyanda bulunacak. Bug\u00fcn, Resul Emrah \u015eahan ve Mehmet Murat \u00c7al\u0131k\u2019\u0131n s\u00f6z almas\u0131 bekleniyor.\u0130stanbul B\u00fcy\u00fck\u015fehir Belediye Ba\u015fkan\u0131 Ekrem \u0130mamo\u011flu&#8217;nun da aras\u0131nda bulundu\u011fu 53&#8217;\u00fc tutuklu 414 san\u0131kl\u0131 \u0130BB Davas\u0131&#8217;n\u0131n g\u00f6r\u00fclmesine 72. g\u00fcn\u00fcnde devam ediliyor. Bu hafta, tutuklu isimler ve onlar\u0131n avukatlar\u0131 tahliyeye ili\u015fkin beyanda bulunacak. Bug\u00fcn, Resul Emrah \u015eahan ve Mehmet Murat \u00c7al\u0131k\u2019\u0131n s\u00f6z almas\u0131 bekleniyor.\u00a0<a href=\"https:\/\/www.cumhuriyet.com.tr\/turkiye\/ibb-davasinda-72-durusma-gunu-sahan-ve-calik-in-tahliyeye-iliskin-beyanda-bulunmasi-bekleniyor-2533735\" target=\"_blank\" class=\"feedzy-rss-link-icon\">Read More<\/a><\/p>","protected":false},"excerpt":{"rendered":"<p>\u0130stanbul B\u00fcy\u00fck\u015fehir Belediye Ba\u015fkan\u0131 Ekrem \u0130mamo\u011flu&#8217;nun da aras\u0131nda bulundu\u011fu 53&#8217;\u00fc tutuklu 414 san\u0131kl\u0131 \u0130BB Davas\u0131&#8217;n\u0131n g\u00f6r\u00fclmesine 72. g\u00fcn\u00fcnde devam ediliyor. Bu hafta, tutuklu isimler ve onlar\u0131n avukatlar\u0131 tahliyeye ili\u015fkin beyanda bulunacak. Bug\u00fcn, Resul Emrah \u015eahan ve Mehmet Murat \u00c7al\u0131k\u2019\u0131n s\u00f6z almas\u0131 bekleniyor.\u0130stanbul B\u00fcy\u00fck\u015fehir Belediye Ba\u015fkan\u0131 Ekrem \u0130mamo\u011flu&#8217;nun da aras\u0131nda bulundu\u011fu 53&#8217;\u00fc tutuklu 414 san\u0131kl\u0131 \u0130BB [&hellip;]<\/p>\n","protected":false},"author":1,"featured_media":41952,"comment_status":"open","ping_status":"open","sticky":false,"template":"","format":"standard","meta":{"footnotes":"","_links_to":"","_links_to_target":""},"categories":[1],"tags":[],"class_list":["post-41951","post","type-post","status-publish","format-standard","has-post-thumbnail","hentry","category-haberler"],"_links":{"self":[{"href":"https:\/\/www.abchukuk.com\/index.php\/wp-json\/wp\/v2\/posts\/41951","targetHints":{"allow":["GET"]}}],"collection":[{"href":"https:\/\/www.abchukuk.com\/index.php\/wp-json\/wp\/v2\/posts"}],"about":[{"href":"https:\/\/www.abchukuk.com\/index.php\/wp-json\/wp\/v2\/types\/post"}],"author":[{"embeddable":true,"href":"https:\/\/www.abchukuk.com\/index.php\/wp-json\/wp\/v2\/users\/1"}],"replies":[{"embeddable":true,"href":"https:\/\/www.abchukuk.com\/index.php\/wp-json\/wp\/v2\/comments?post=41951"}],"version-history":[{"count":0,"href":"https:\/\/www.abchukuk.com\/index.php\/wp-json\/wp\/v2\/posts\/41951\/revisions"}],"wp:featuredmedia":[{"embeddable":true,"href":"https:\/\/www.abchukuk.com\/index.php\/wp-json\/wp\/v2\/media\/41952"}],"wp:attachment":[{"href":"https:\/\/www.abchukuk.com\/index.php\/wp-json\/wp\/v2\/media?parent=41951"}],"wp:term":[{"taxonomy":"category","embeddable":true,"href":"https:\/\/www.abchukuk.com\/index.php\/wp-json\/wp\/v2\/categories?post=41951"},{"taxonomy":"post_tag","embeddable":true,"href":"https:\/\/www.abchukuk.com\/index.php\/wp-json\/wp\/v2\/tags?post=41951"}],"curies":[{"name":"wp","href":"https:\/\/api.w.org\/{rel}","templated":true}]}}