{"id":41941,"date":"2026-08-31T06:39:00","date_gmt":"2026-08-31T06:39:00","guid":{"rendered":"https:\/\/www.abchukuk.com\/index.php\/2026\/08\/31\/resmi-gazetede-yayimlandi-turizm-isletmelerine-kat-mulkiyeti-istisnasi\/"},"modified":"2026-08-31T06:39:00","modified_gmt":"2026-08-31T06:39:00","slug":"resmi-gazetede-yayimlandi-turizm-isletmelerine-kat-mulkiyeti-istisnasi","status":"publish","type":"post","link":"https:\/\/www.abchukuk.com\/index.php\/2026\/08\/31\/resmi-gazetede-yayimlandi-turizm-isletmelerine-kat-mulkiyeti-istisnasi\/","title":{"rendered":"Resmi Gazete&#8217;de yay\u0131mland\u0131: Turizm i\u015fletmelerine kat m\u00fclkiyeti istisnas\u0131"},"content":{"rendered":"<p>Turizm tesislerine ili\u015fkin y\u00f6netmelikte yap\u0131lan de\u011fi\u015fiklikle, belirli ko\u015fullar\u0131 ta\u015f\u0131yan i\u015fletmeler i\u00e7in \u00f6nemli bir istisna getirildi. 1 Haziran 2019&#8217;dan \u00f6nce imar planlar\u0131nda sadece ticari kullan\u0131ma ayr\u0131lan alanlarda bulunan turizm i\u015fletmesi ve k\u0131smi turizm i\u015fletmesi belgeli tesislerde, ayn\u0131 malike ait konaklama birimleri \u00fczerindeki kat m\u00fclkiyeti ve kat irtifak\u0131 korunacak.Turizm tesislerine ili\u015fkin y\u00f6netmelikte yap\u0131lan de\u011fi\u015fiklikle, belirli ko\u015fullar\u0131 ta\u015f\u0131yan i\u015fletmeler i\u00e7in \u00f6nemli bir istisna getirildi. 1 Haziran 2019&#8217;dan \u00f6nce imar planlar\u0131nda sadece ticari kullan\u0131ma ayr\u0131lan alanlarda bulunan turizm i\u015fletmesi ve k\u0131smi turizm i\u015fletmesi belgeli tesislerde, ayn\u0131 malike ait konaklama birimleri \u00fczerindeki kat m\u00fclkiyeti ve kat irtifak\u0131 korunacak.\u00a0<a href=\"https:\/\/www.dunya.com\/gundem\/resmi-gazetede-yayimlandi-turizm-isletmelerine-kat-mulkiyeti-istisnasi-haberi-838178\" target=\"_blank\" class=\"feedzy-rss-link-icon\">Read More<\/a><\/p>","protected":false},"excerpt":{"rendered":"<p>Turizm tesislerine ili\u015fkin y\u00f6netmelikte yap\u0131lan de\u011fi\u015fiklikle, belirli ko\u015fullar\u0131 ta\u015f\u0131yan i\u015fletmeler i\u00e7in \u00f6nemli bir istisna getirildi. 1 Haziran 2019&#8217;dan \u00f6nce imar planlar\u0131nda sadece ticari kullan\u0131ma ayr\u0131lan alanlarda bulunan turizm i\u015fletmesi ve k\u0131smi turizm i\u015fletmesi belgeli tesislerde, ayn\u0131 malike ait konaklama birimleri \u00fczerindeki kat m\u00fclkiyeti ve kat irtifak\u0131 korunacak.Turizm tesislerine ili\u015fkin y\u00f6netmelikte yap\u0131lan de\u011fi\u015fiklikle, belirli ko\u015fullar\u0131 ta\u015f\u0131yan [&hellip;]<\/p>\n","protected":false},"author":1,"featured_media":41942,"comment_status":"open","ping_status":"open","sticky":false,"template":"","format":"standard","meta":{"footnotes":"","_links_to":"","_links_to_target":""},"categories":[1],"tags":[],"class_list":["post-41941","post","type-post","status-publish","format-standard","has-post-thumbnail","hentry","category-haberler"],"_links":{"self":[{"href":"https:\/\/www.abchukuk.com\/index.php\/wp-json\/wp\/v2\/posts\/41941","targetHints":{"allow":["GET"]}}],"collection":[{"href":"https:\/\/www.abchukuk.com\/index.php\/wp-json\/wp\/v2\/posts"}],"about":[{"href":"https:\/\/www.abchukuk.com\/index.php\/wp-json\/wp\/v2\/types\/post"}],"author":[{"embeddable":true,"href":"https:\/\/www.abchukuk.com\/index.php\/wp-json\/wp\/v2\/users\/1"}],"replies":[{"embeddable":true,"href":"https:\/\/www.abchukuk.com\/index.php\/wp-json\/wp\/v2\/comments?post=41941"}],"version-history":[{"count":0,"href":"https:\/\/www.abchukuk.com\/index.php\/wp-json\/wp\/v2\/posts\/41941\/revisions"}],"wp:featuredmedia":[{"embeddable":true,"href":"https:\/\/www.abchukuk.com\/index.php\/wp-json\/wp\/v2\/media\/41942"}],"wp:attachment":[{"href":"https:\/\/www.abchukuk.com\/index.php\/wp-json\/wp\/v2\/media?parent=41941"}],"wp:term":[{"taxonomy":"category","embeddable":true,"href":"https:\/\/www.abchukuk.com\/index.php\/wp-json\/wp\/v2\/categories?post=41941"},{"taxonomy":"post_tag","embeddable":true,"href":"https:\/\/www.abchukuk.com\/index.php\/wp-json\/wp\/v2\/tags?post=41941"}],"curies":[{"name":"wp","href":"https:\/\/api.w.org\/{rel}","templated":true}]}}