{"id":41939,"date":"2026-08-31T06:55:00","date_gmt":"2026-08-31T06:55:00","guid":{"rendered":"https:\/\/www.abchukuk.com\/index.php\/2026\/08\/31\/2026-adli-tatil-ne-zaman-bitiyor-mahkemeler-ne-zaman-acilacak\/"},"modified":"2026-08-31T06:55:00","modified_gmt":"2026-08-31T06:55:00","slug":"2026-adli-tatil-ne-zaman-bitiyor-mahkemeler-ne-zaman-acilacak","status":"publish","type":"post","link":"https:\/\/www.abchukuk.com\/index.php\/2026\/08\/31\/2026-adli-tatil-ne-zaman-bitiyor-mahkemeler-ne-zaman-acilacak\/","title":{"rendered":"2026 Adli tatil ne zaman bitiyor? Mahkemeler ne zaman a\u00e7\u0131lacak?"},"content":{"rendered":"<p>2026 adli tatil ne zaman bitiyor sorusu, mahkemelerde devam eden dosyas\u0131 bulunan yurtta\u015flar taraf\u0131ndan ara\u015ft\u0131r\u0131l\u0131yor. Peki, 2026 Adli tatil ne zaman bitiyor? Mahkemeler ne zaman a\u00e7\u0131lacak?2026 adli tatil ne zaman bitiyor sorusu, mahkemelerde devam eden dosyas\u0131 bulunan yurtta\u015flar taraf\u0131ndan ara\u015ft\u0131r\u0131l\u0131yor. Peki, 2026 Adli tatil ne zaman bitiyor? Mahkemeler ne zaman a\u00e7\u0131lacak?\u00a0<a href=\"https:\/\/www.cumhuriyet.com.tr\/turkiye\/2026-adli-tatil-ne-zaman-bitiyor-mahkemeler-ne-zaman-acilacak-2533691\" target=\"_blank\" class=\"feedzy-rss-link-icon\">Read More<\/a><\/p>","protected":false},"excerpt":{"rendered":"<p>2026 adli tatil ne zaman bitiyor sorusu, mahkemelerde devam eden dosyas\u0131 bulunan yurtta\u015flar taraf\u0131ndan ara\u015ft\u0131r\u0131l\u0131yor. Peki, 2026 Adli tatil ne zaman bitiyor? Mahkemeler ne zaman a\u00e7\u0131lacak?2026 adli tatil ne zaman bitiyor sorusu, mahkemelerde devam eden dosyas\u0131 bulunan yurtta\u015flar taraf\u0131ndan ara\u015ft\u0131r\u0131l\u0131yor. Peki, 2026 Adli tatil ne zaman bitiyor? Mahkemeler ne zaman a\u00e7\u0131lacak?\u00a0Read More<\/p>\n","protected":false},"author":1,"featured_media":41940,"comment_status":"open","ping_status":"open","sticky":false,"template":"","format":"standard","meta":{"footnotes":"","_links_to":"","_links_to_target":""},"categories":[1],"tags":[],"class_list":["post-41939","post","type-post","status-publish","format-standard","has-post-thumbnail","hentry","category-haberler"],"_links":{"self":[{"href":"https:\/\/www.abchukuk.com\/index.php\/wp-json\/wp\/v2\/posts\/41939","targetHints":{"allow":["GET"]}}],"collection":[{"href":"https:\/\/www.abchukuk.com\/index.php\/wp-json\/wp\/v2\/posts"}],"about":[{"href":"https:\/\/www.abchukuk.com\/index.php\/wp-json\/wp\/v2\/types\/post"}],"author":[{"embeddable":true,"href":"https:\/\/www.abchukuk.com\/index.php\/wp-json\/wp\/v2\/users\/1"}],"replies":[{"embeddable":true,"href":"https:\/\/www.abchukuk.com\/index.php\/wp-json\/wp\/v2\/comments?post=41939"}],"version-history":[{"count":0,"href":"https:\/\/www.abchukuk.com\/index.php\/wp-json\/wp\/v2\/posts\/41939\/revisions"}],"wp:featuredmedia":[{"embeddable":true,"href":"https:\/\/www.abchukuk.com\/index.php\/wp-json\/wp\/v2\/media\/41940"}],"wp:attachment":[{"href":"https:\/\/www.abchukuk.com\/index.php\/wp-json\/wp\/v2\/media?parent=41939"}],"wp:term":[{"taxonomy":"category","embeddable":true,"href":"https:\/\/www.abchukuk.com\/index.php\/wp-json\/wp\/v2\/categories?post=41939"},{"taxonomy":"post_tag","embeddable":true,"href":"https:\/\/www.abchukuk.com\/index.php\/wp-json\/wp\/v2\/tags?post=41939"}],"curies":[{"name":"wp","href":"https:\/\/api.w.org\/{rel}","templated":true}]}}