{"id":41937,"date":"2026-08-31T04:49:00","date_gmt":"2026-08-31T04:49:00","guid":{"rendered":"https:\/\/www.abchukuk.com\/index.php\/2026\/08\/31\/resmi-gazetede-yayimlandi-btknin-yeni-baskani-belli-oldu\/"},"modified":"2026-08-31T04:49:00","modified_gmt":"2026-08-31T04:49:00","slug":"resmi-gazetede-yayimlandi-btknin-yeni-baskani-belli-oldu","status":"publish","type":"post","link":"https:\/\/www.abchukuk.com\/index.php\/2026\/08\/31\/resmi-gazetede-yayimlandi-btknin-yeni-baskani-belli-oldu\/","title":{"rendered":"Resmi Gazete&#8217;de yay\u0131mland\u0131: BTK\u2019nin yeni ba\u015fkan\u0131 belli oldu!"},"content":{"rendered":"<p>AKP&#8217;li Cumhurba\u015fkan\u0131 Recep Tayyip Erdo\u011fan\u2019\u0131n imzas\u0131yla K\u00fclt\u00fcr ve Turizm Bakanl\u0131\u011f\u0131, Bilgi Teknolojileri ve \u0130leti\u015fim Kurulu ile Devlet Hava Meydanlar\u0131 \u0130\u015fletmesi Genel M\u00fcd\u00fcrl\u00fc\u011f\u00fc\u2019ne yap\u0131lan atamalar Resmi Gazete\u2019de yay\u0131mland\u0131. BTK Ba\u015fkanl\u0131\u011f\u0131na Mehmet Ko\u00e7yi\u011fit, DHM\u0130 Genel M\u00fcd\u00fcrl\u00fc\u011f\u00fc ve Y\u00f6netim Kurulu Ba\u015fkanl\u0131\u011f\u0131na ise Fatih \u00c7akmak getirildi.AKP&#8217;li Cumhurba\u015fkan\u0131 Recep Tayyip Erdo\u011fan\u2019\u0131n imzas\u0131yla K\u00fclt\u00fcr ve Turizm Bakanl\u0131\u011f\u0131, Bilgi Teknolojileri ve \u0130leti\u015fim Kurulu ile Devlet Hava Meydanlar\u0131 \u0130\u015fletmesi Genel M\u00fcd\u00fcrl\u00fc\u011f\u00fc\u2019ne yap\u0131lan atamalar Resmi Gazete\u2019de yay\u0131mland\u0131. BTK Ba\u015fkanl\u0131\u011f\u0131na Mehmet Ko\u00e7yi\u011fit, DHM\u0130 Genel M\u00fcd\u00fcrl\u00fc\u011f\u00fc ve Y\u00f6netim Kurulu Ba\u015fkanl\u0131\u011f\u0131na ise Fatih \u00c7akmak getirildi.\u00a0<a href=\"https:\/\/www.cumhuriyet.com.tr\/turkiye\/resmi-gazete-de-yayimlandi-btk-nin-yeni-baskani-belli-oldu-2533674\" target=\"_blank\" class=\"feedzy-rss-link-icon\">Read More<\/a><\/p>","protected":false},"excerpt":{"rendered":"<p>AKP&#8217;li Cumhurba\u015fkan\u0131 Recep Tayyip Erdo\u011fan\u2019\u0131n imzas\u0131yla K\u00fclt\u00fcr ve Turizm Bakanl\u0131\u011f\u0131, Bilgi Teknolojileri ve \u0130leti\u015fim Kurulu ile Devlet Hava Meydanlar\u0131 \u0130\u015fletmesi Genel M\u00fcd\u00fcrl\u00fc\u011f\u00fc\u2019ne yap\u0131lan atamalar Resmi Gazete\u2019de yay\u0131mland\u0131. BTK Ba\u015fkanl\u0131\u011f\u0131na Mehmet Ko\u00e7yi\u011fit, DHM\u0130 Genel M\u00fcd\u00fcrl\u00fc\u011f\u00fc ve Y\u00f6netim Kurulu Ba\u015fkanl\u0131\u011f\u0131na ise Fatih \u00c7akmak getirildi.AKP&#8217;li Cumhurba\u015fkan\u0131 Recep Tayyip Erdo\u011fan\u2019\u0131n imzas\u0131yla K\u00fclt\u00fcr ve Turizm Bakanl\u0131\u011f\u0131, Bilgi Teknolojileri ve \u0130leti\u015fim [&hellip;]<\/p>\n","protected":false},"author":1,"featured_media":41938,"comment_status":"open","ping_status":"open","sticky":false,"template":"","format":"standard","meta":{"footnotes":"","_links_to":"","_links_to_target":""},"categories":[1],"tags":[],"class_list":["post-41937","post","type-post","status-publish","format-standard","has-post-thumbnail","hentry","category-haberler"],"_links":{"self":[{"href":"https:\/\/www.abchukuk.com\/index.php\/wp-json\/wp\/v2\/posts\/41937","targetHints":{"allow":["GET"]}}],"collection":[{"href":"https:\/\/www.abchukuk.com\/index.php\/wp-json\/wp\/v2\/posts"}],"about":[{"href":"https:\/\/www.abchukuk.com\/index.php\/wp-json\/wp\/v2\/types\/post"}],"author":[{"embeddable":true,"href":"https:\/\/www.abchukuk.com\/index.php\/wp-json\/wp\/v2\/users\/1"}],"replies":[{"embeddable":true,"href":"https:\/\/www.abchukuk.com\/index.php\/wp-json\/wp\/v2\/comments?post=41937"}],"version-history":[{"count":0,"href":"https:\/\/www.abchukuk.com\/index.php\/wp-json\/wp\/v2\/posts\/41937\/revisions"}],"wp:featuredmedia":[{"embeddable":true,"href":"https:\/\/www.abchukuk.com\/index.php\/wp-json\/wp\/v2\/media\/41938"}],"wp:attachment":[{"href":"https:\/\/www.abchukuk.com\/index.php\/wp-json\/wp\/v2\/media?parent=41937"}],"wp:term":[{"taxonomy":"category","embeddable":true,"href":"https:\/\/www.abchukuk.com\/index.php\/wp-json\/wp\/v2\/categories?post=41937"},{"taxonomy":"post_tag","embeddable":true,"href":"https:\/\/www.abchukuk.com\/index.php\/wp-json\/wp\/v2\/tags?post=41937"}],"curies":[{"name":"wp","href":"https:\/\/api.w.org\/{rel}","templated":true}]}}