{"id":41935,"date":"2026-08-31T03:02:00","date_gmt":"2026-08-31T03:02:00","guid":{"rendered":"https:\/\/www.abchukuk.com\/index.php\/2026\/08\/31\/mehmet-akif-ersoyun-durusmasina-gunler-kala-dikkat-ceken-ayrilik-avukati-huseyin-kaya-dosyadan-cekildi\/"},"modified":"2026-08-31T03:02:00","modified_gmt":"2026-08-31T03:02:00","slug":"mehmet-akif-ersoyun-durusmasina-gunler-kala-dikkat-ceken-ayrilik-avukati-huseyin-kaya-dosyadan-cekildi","status":"publish","type":"post","link":"https:\/\/www.abchukuk.com\/index.php\/2026\/08\/31\/mehmet-akif-ersoyun-durusmasina-gunler-kala-dikkat-ceken-ayrilik-avukati-huseyin-kaya-dosyadan-cekildi\/","title":{"rendered":"Mehmet Akif Ersoy&#8217;un Duru\u015fmas\u0131na G\u00fcnler Kala Dikkat \u00c7eken Ayr\u0131l\u0131k: Avukat\u0131 H\u00fcseyin Kaya Dosyadan \u00c7ekildi"},"content":{"rendered":"<p><a href=\"https:\/\/www.gercekgundem.com\/yazarlar\/seyhan-avsar\/mehmet-akif-ersoyun-durusmasina-gunler-kala-dikkat-ceken-ayrilik-avukati-huseyin-kaya-dosyadan-cekildi-577714\"><br \/>\n                                                            <img decoding=\"async\" src=\"https:\/\/i.gercekgundem.com\/2\/150\/84\/storage\/files\/images\/2026\/08\/31\/mehmet-akif-ersoyun-durusmasina-gunler-kala-dikkat-ceken-ayrilik-avukati-huseyin-kaya-dosyadan-cekildi-gu0d.jpg\" width=\"150\" height=\"84\" border=\"0\" align=\"right\" \/><br \/>\n                                                    <\/a><\/p>\n<h4>Dokuz ayd\u0131r tutuklu bulunan gazeteci Mehmet Akif Ersoy\u2019un hakim kar\u015f\u0131s\u0131na \u00e7\u0131kmas\u0131na say\u0131l\u0131 g\u00fcnler kala dikkat \u00e7eken bir geli\u015fme ya\u015fand\u0131. Ersoy, tutuklanmas\u0131n\u0131n ard\u0131ndan savunmas\u0131n\u0131 \u00fcstlenen avukat\u0131 H\u00fcseyin Kaya ile yollar\u0131n\u0131 ay\u0131rd\u0131. Siyasi camian\u0131n yak\u0131ndan tan\u0131d\u0131\u011f\u0131 Kaya son d\u00f6nemde ise Dilan Polat\u2019\u0131n avukatl\u0131\u011f\u0131n\u0131 yapmas\u0131yla g\u00fcndeme gelmi\u015fti.<\/h4>\n<p>Dokuz ayd\u0131r tutuklu bulunan gazeteci Mehmet Akif Ersoy\u2019un hakim kar\u015f\u0131s\u0131na \u00e7\u0131kmas\u0131na say\u0131l\u0131 g\u00fcnler kala dikkat \u00e7eken bir geli\u015fme ya\u015fand\u0131. Ersoy, tutuklanmas\u0131n\u0131n ard\u0131ndan savunmas\u0131n\u0131 \u00fcstlenen avukat\u0131 H\u00fcseyin Kaya ile yollar\u0131n\u0131 ay\u0131rd\u0131. Siyasi camian\u0131n yak\u0131ndan tan\u0131d\u0131\u011f\u0131 Kaya son d\u00f6nemde ise Dilan Polat\u2019\u0131n avukatl\u0131\u011f\u0131n\u0131 yapmas\u0131yla g\u00fcndeme gelmi\u015fti.\u00a0<a href=\"https:\/\/www.gercekgundem.com\/yazarlar\/seyhan-avsar\/mehmet-akif-ersoyun-durusmasina-gunler-kala-dikkat-ceken-ayrilik-avukati-huseyin-kaya-dosyadan-cekildi-577714\" target=\"_blank\" class=\"feedzy-rss-link-icon\">Read More<\/a><\/p>","protected":false},"excerpt":{"rendered":"<p>Dokuz ayd\u0131r tutuklu bulunan gazeteci Mehmet Akif Ersoy\u2019un hakim kar\u015f\u0131s\u0131na \u00e7\u0131kmas\u0131na say\u0131l\u0131 g\u00fcnler kala dikkat \u00e7eken bir geli\u015fme ya\u015fand\u0131. Ersoy, tutuklanmas\u0131n\u0131n ard\u0131ndan savunmas\u0131n\u0131 \u00fcstlenen avukat\u0131 H\u00fcseyin Kaya ile yollar\u0131n\u0131 ay\u0131rd\u0131. Siyasi camian\u0131n yak\u0131ndan tan\u0131d\u0131\u011f\u0131 Kaya son d\u00f6nemde ise Dilan Polat\u2019\u0131n avukatl\u0131\u011f\u0131n\u0131 yapmas\u0131yla g\u00fcndeme gelmi\u015fti. Dokuz ayd\u0131r tutuklu bulunan gazeteci Mehmet Akif Ersoy\u2019un hakim kar\u015f\u0131s\u0131na \u00e7\u0131kmas\u0131na [&hellip;]<\/p>\n","protected":false},"author":1,"featured_media":41936,"comment_status":"open","ping_status":"open","sticky":false,"template":"","format":"standard","meta":{"footnotes":"","_links_to":"","_links_to_target":""},"categories":[1],"tags":[],"class_list":["post-41935","post","type-post","status-publish","format-standard","has-post-thumbnail","hentry","category-haberler"],"_links":{"self":[{"href":"https:\/\/www.abchukuk.com\/index.php\/wp-json\/wp\/v2\/posts\/41935","targetHints":{"allow":["GET"]}}],"collection":[{"href":"https:\/\/www.abchukuk.com\/index.php\/wp-json\/wp\/v2\/posts"}],"about":[{"href":"https:\/\/www.abchukuk.com\/index.php\/wp-json\/wp\/v2\/types\/post"}],"author":[{"embeddable":true,"href":"https:\/\/www.abchukuk.com\/index.php\/wp-json\/wp\/v2\/users\/1"}],"replies":[{"embeddable":true,"href":"https:\/\/www.abchukuk.com\/index.php\/wp-json\/wp\/v2\/comments?post=41935"}],"version-history":[{"count":0,"href":"https:\/\/www.abchukuk.com\/index.php\/wp-json\/wp\/v2\/posts\/41935\/revisions"}],"wp:featuredmedia":[{"embeddable":true,"href":"https:\/\/www.abchukuk.com\/index.php\/wp-json\/wp\/v2\/media\/41936"}],"wp:attachment":[{"href":"https:\/\/www.abchukuk.com\/index.php\/wp-json\/wp\/v2\/media?parent=41935"}],"wp:term":[{"taxonomy":"category","embeddable":true,"href":"https:\/\/www.abchukuk.com\/index.php\/wp-json\/wp\/v2\/categories?post=41935"},{"taxonomy":"post_tag","embeddable":true,"href":"https:\/\/www.abchukuk.com\/index.php\/wp-json\/wp\/v2\/tags?post=41935"}],"curies":[{"name":"wp","href":"https:\/\/api.w.org\/{rel}","templated":true}]}}