{"id":41934,"date":"2026-08-31T03:49:53","date_gmt":"2026-08-31T03:49:53","guid":{"rendered":"https:\/\/www.abchukuk.com\/index.php\/2026\/08\/31\/bazi-universitelerin-fakultelerine-dair-kararlar-resmi-gazetede\/"},"modified":"2026-08-31T03:49:53","modified_gmt":"2026-08-31T03:49:53","slug":"bazi-universitelerin-fakultelerine-dair-kararlar-resmi-gazetede","status":"publish","type":"post","link":"https:\/\/www.abchukuk.com\/index.php\/2026\/08\/31\/bazi-universitelerin-fakultelerine-dair-kararlar-resmi-gazetede\/","title":{"rendered":"Baz\u0131 \u00fcniversitelerin fak\u00fcltelerine dair kararlar Resmi Gazete&#8217;de"},"content":{"rendered":"<p>Cumhurba\u015fkan\u0131 Recep Tayyip Erdo\u011fan&#8217;\u0131n imzas\u0131yla yay\u0131mlanan kararla baz\u0131 \u00fcniversitelerde yeni fak\u00fclte ve enstit\u00fcler kurulurken, baz\u0131 fak\u00fclte ve enstit\u00fcler kapat\u0131ld\u0131 ve baz\u0131 birimlerin isimleri de\u011fi\u015ftirildiCumhurba\u015fkan\u0131 Recep Tayyip Erdo\u011fan&#8217;\u0131n imzas\u0131yla yay\u0131mlanan kararla baz\u0131 \u00fcniversitelerde yeni fak\u00fclte ve enstit\u00fcler kurulurken, baz\u0131 fak\u00fclte ve enstit\u00fcler kapat\u0131ld\u0131 ve baz\u0131 birimlerin isimleri de\u011fi\u015ftirildi\u00a0<a href=\"https:\/\/www.haberturk.com\/bazi-universitelerin-fakultelerine-dair-kararlar-resmi-gazete-de-3909162\" target=\"_blank\" class=\"feedzy-rss-link-icon\">Read More<\/a><\/p>","protected":false},"excerpt":{"rendered":"<p>Cumhurba\u015fkan\u0131 Recep Tayyip Erdo\u011fan&#8217;\u0131n imzas\u0131yla yay\u0131mlanan kararla baz\u0131 \u00fcniversitelerde yeni fak\u00fclte ve enstit\u00fcler kurulurken, baz\u0131 fak\u00fclte ve enstit\u00fcler kapat\u0131ld\u0131 ve baz\u0131 birimlerin isimleri de\u011fi\u015ftirildiCumhurba\u015fkan\u0131 Recep Tayyip Erdo\u011fan&#8217;\u0131n imzas\u0131yla yay\u0131mlanan kararla baz\u0131 \u00fcniversitelerde yeni fak\u00fclte ve enstit\u00fcler kurulurken, baz\u0131 fak\u00fclte ve enstit\u00fcler kapat\u0131ld\u0131 ve baz\u0131 birimlerin isimleri de\u011fi\u015ftirildi\u00a0Read More<\/p>\n","protected":false},"author":1,"featured_media":0,"comment_status":"open","ping_status":"open","sticky":false,"template":"","format":"standard","meta":{"footnotes":"","_links_to":"","_links_to_target":""},"categories":[1],"tags":[],"class_list":["post-41934","post","type-post","status-publish","format-standard","hentry","category-haberler"],"_links":{"self":[{"href":"https:\/\/www.abchukuk.com\/index.php\/wp-json\/wp\/v2\/posts\/41934","targetHints":{"allow":["GET"]}}],"collection":[{"href":"https:\/\/www.abchukuk.com\/index.php\/wp-json\/wp\/v2\/posts"}],"about":[{"href":"https:\/\/www.abchukuk.com\/index.php\/wp-json\/wp\/v2\/types\/post"}],"author":[{"embeddable":true,"href":"https:\/\/www.abchukuk.com\/index.php\/wp-json\/wp\/v2\/users\/1"}],"replies":[{"embeddable":true,"href":"https:\/\/www.abchukuk.com\/index.php\/wp-json\/wp\/v2\/comments?post=41934"}],"version-history":[{"count":0,"href":"https:\/\/www.abchukuk.com\/index.php\/wp-json\/wp\/v2\/posts\/41934\/revisions"}],"wp:attachment":[{"href":"https:\/\/www.abchukuk.com\/index.php\/wp-json\/wp\/v2\/media?parent=41934"}],"wp:term":[{"taxonomy":"category","embeddable":true,"href":"https:\/\/www.abchukuk.com\/index.php\/wp-json\/wp\/v2\/categories?post=41934"},{"taxonomy":"post_tag","embeddable":true,"href":"https:\/\/www.abchukuk.com\/index.php\/wp-json\/wp\/v2\/tags?post=41934"}],"curies":[{"name":"wp","href":"https:\/\/api.w.org\/{rel}","templated":true}]}}