{"id":41932,"date":"2026-08-30T22:54:37","date_gmt":"2026-08-30T22:54:37","guid":{"rendered":"https:\/\/www.abchukuk.com\/index.php\/2026\/08\/30\/atama-kararlari-resmi-gazetede-13\/"},"modified":"2026-08-30T22:54:37","modified_gmt":"2026-08-30T22:54:37","slug":"atama-kararlari-resmi-gazetede-13","status":"publish","type":"post","link":"https:\/\/www.abchukuk.com\/index.php\/2026\/08\/30\/atama-kararlari-resmi-gazetede-13\/","title":{"rendered":"Atama kararlar\u0131 Resmi Gazete&#8217;de"},"content":{"rendered":"<p>Resm\u00ee Gazete&#8217;de yay\u0131mlanan Cumhurba\u015fkanl\u0131\u011f\u0131 kararlar\u0131yla baz\u0131 kurumlarda \u00fcst d\u00fczey atamalar ger\u00e7ekle\u015ftirildi. Atama kararlar\u0131 kapsam\u0131nda K\u00fclt\u00fcr ve Turizm Bakanl\u0131\u011f\u0131 Bakan Yard\u0131mc\u0131l\u0131\u011f\u0131 g\u00f6revine yeni bir isim getirildi. Bilgi Teknolojileri ve \u0130leti\u015fim Kurulu Ba\u015fkanl\u0131\u011f\u0131 g\u00f6revinde de de\u011fi\u015fikli\u011fe gidildi. Devlet Hava Meydanlar\u0131 \u0130\u015fletmesi Genel M\u00fcd\u00fcrl\u00fc\u011f\u00fc ve Y\u00f6netim Kurulu Ba\u015fkanl\u0131\u011f\u0131na da yeni atama yap\u0131ld\u0131. Resm\u00ee Gazete&#8217;de yay\u0131mlanan kararlarla birlikte kamu kurumlar\u0131ndaki yeni g\u00f6rev da\u011f\u0131l\u0131mlar\u0131 belli oldu. Peki, 31 A\u011fustos 2026 Resm\u00ee Gazete atama kararlar\u0131 neler, hangi isimler hangi g\u00f6revlere atand\u0131? \u0130\u015fte, Resm\u00ee Gazete&#8217;de yay\u0131mlanan atama kararlar\u0131 ve g\u00f6revlendirilen isimler&#8230;Resm\u00ee Gazete&#8217;de yay\u0131mlanan Cumhurba\u015fkanl\u0131\u011f\u0131 kararlar\u0131yla baz\u0131 kurumlarda \u00fcst d\u00fczey atamalar ger\u00e7ekle\u015ftirildi. Atama kararlar\u0131 kapsam\u0131nda K\u00fclt\u00fcr ve Turizm Bakanl\u0131\u011f\u0131 Bakan Yard\u0131mc\u0131l\u0131\u011f\u0131 g\u00f6revine yeni bir isim getirildi. Bilgi Teknolojileri ve \u0130leti\u015fim Kurulu Ba\u015fkanl\u0131\u011f\u0131 g\u00f6revinde de de\u011fi\u015fikli\u011fe gidildi. Devlet Hava Meydanlar\u0131 \u0130\u015fletmesi Genel M\u00fcd\u00fcrl\u00fc\u011f\u00fc ve Y\u00f6netim Kurulu Ba\u015fkanl\u0131\u011f\u0131na da yeni atama yap\u0131ld\u0131. Resm\u00ee Gazete&#8217;de yay\u0131mlanan kararlarla birlikte kamu kurumlar\u0131ndaki yeni g\u00f6rev da\u011f\u0131l\u0131mlar\u0131 belli oldu. Peki, 31 A\u011fustos 2026 Resm\u00ee Gazete atama kararlar\u0131 neler, hangi isimler hangi g\u00f6revlere atand\u0131? \u0130\u015fte, Resm\u00ee Gazete&#8217;de yay\u0131mlanan atama kararlar\u0131 ve g\u00f6revlendirilen isimler&#8230;\u00a0<a href=\"https:\/\/www.haberturk.com\/31-agustos-2026-resm-gazete-atama-kararlari-neler-hangi-isimler-hangi-gorevlere-atandi-3909151\" target=\"_blank\" class=\"feedzy-rss-link-icon\">Read More<\/a><\/p>","protected":false},"excerpt":{"rendered":"<p>Resm\u00ee Gazete&#8217;de yay\u0131mlanan Cumhurba\u015fkanl\u0131\u011f\u0131 kararlar\u0131yla baz\u0131 kurumlarda \u00fcst d\u00fczey atamalar ger\u00e7ekle\u015ftirildi. Atama kararlar\u0131 kapsam\u0131nda K\u00fclt\u00fcr ve Turizm Bakanl\u0131\u011f\u0131 Bakan Yard\u0131mc\u0131l\u0131\u011f\u0131 g\u00f6revine yeni bir isim getirildi. Bilgi Teknolojileri ve \u0130leti\u015fim Kurulu Ba\u015fkanl\u0131\u011f\u0131 g\u00f6revinde de de\u011fi\u015fikli\u011fe gidildi. Devlet Hava Meydanlar\u0131 \u0130\u015fletmesi Genel M\u00fcd\u00fcrl\u00fc\u011f\u00fc ve Y\u00f6netim Kurulu Ba\u015fkanl\u0131\u011f\u0131na da yeni atama yap\u0131ld\u0131. Resm\u00ee Gazete&#8217;de yay\u0131mlanan kararlarla birlikte kamu [&hellip;]<\/p>\n","protected":false},"author":1,"featured_media":0,"comment_status":"open","ping_status":"open","sticky":false,"template":"","format":"standard","meta":{"footnotes":"","_links_to":"","_links_to_target":""},"categories":[1],"tags":[],"class_list":["post-41932","post","type-post","status-publish","format-standard","hentry","category-haberler"],"_links":{"self":[{"href":"https:\/\/www.abchukuk.com\/index.php\/wp-json\/wp\/v2\/posts\/41932","targetHints":{"allow":["GET"]}}],"collection":[{"href":"https:\/\/www.abchukuk.com\/index.php\/wp-json\/wp\/v2\/posts"}],"about":[{"href":"https:\/\/www.abchukuk.com\/index.php\/wp-json\/wp\/v2\/types\/post"}],"author":[{"embeddable":true,"href":"https:\/\/www.abchukuk.com\/index.php\/wp-json\/wp\/v2\/users\/1"}],"replies":[{"embeddable":true,"href":"https:\/\/www.abchukuk.com\/index.php\/wp-json\/wp\/v2\/comments?post=41932"}],"version-history":[{"count":0,"href":"https:\/\/www.abchukuk.com\/index.php\/wp-json\/wp\/v2\/posts\/41932\/revisions"}],"wp:attachment":[{"href":"https:\/\/www.abchukuk.com\/index.php\/wp-json\/wp\/v2\/media?parent=41932"}],"wp:term":[{"taxonomy":"category","embeddable":true,"href":"https:\/\/www.abchukuk.com\/index.php\/wp-json\/wp\/v2\/categories?post=41932"},{"taxonomy":"post_tag","embeddable":true,"href":"https:\/\/www.abchukuk.com\/index.php\/wp-json\/wp\/v2\/tags?post=41932"}],"curies":[{"name":"wp","href":"https:\/\/api.w.org\/{rel}","templated":true}]}}