{"id":39208,"date":"2026-07-31T11:27:00","date_gmt":"2026-07-31T11:27:00","guid":{"rendered":"https:\/\/www.abchukuk.com\/index.php\/2026\/07\/31\/son-dakika-cem-kucuke-tutuklama-istemi\/"},"modified":"2026-07-31T11:27:00","modified_gmt":"2026-07-31T11:27:00","slug":"son-dakika-cem-kucuke-tutuklama-istemi","status":"publish","type":"post","link":"https:\/\/www.abchukuk.com\/index.php\/2026\/07\/31\/son-dakika-cem-kucuke-tutuklama-istemi\/","title":{"rendered":"Son dakika&#8230; Cem K\u00fc\u00e7\u00fck&#8217;e tutuklama istemi!"},"content":{"rendered":"<p>Son dakika haberi&#8230; \u0130stanbul Cumhuriyet Ba\u015fsavc\u0131l\u0131\u011f\u0131 taraf\u0131ndan y\u00fcr\u00fct\u00fclen soru\u015fturma kapsam\u0131nda \u201cHalk\u0131 yan\u0131lt\u0131c\u0131 bilgiyi alenen yayma\u201d ve \u201c\u015eantaj\u201d su\u00e7lamas\u0131yla g\u00f6zalt\u0131na al\u0131nan Cem K\u00fc\u00e7\u00fck, savc\u0131l\u0131kta ifadesi al\u0131nd\u0131ktan sonra &#8220;tutuklama&#8221; istemiyle Sulh Ceza Hakimli\u011fine sevkedildi. Savc\u0131l\u0131\u011f\u0131n sevk yaz\u0131s\u0131nda, Fatih Kele\u015f ve Berkay Gezgin&#8217;e ili\u015fkin a\u00e7\u0131klamalar\u0131n\u0131n ger\u00e7e\u011fe ayk\u0131r\u0131 oldu\u011fu \u00f6ne s\u00fcr\u00fcl\u00fcrken, K\u00fc\u00e7\u00fck ise haberleri ba\u015fka bir bas\u0131n kurulu\u015fundan aktard\u0131\u011f\u0131n\u0131 ve yanl\u0131\u015f oldu\u011funu anlay\u0131nca \u00f6z\u00fcr diledi\u011fini savundu. K\u00fc\u00e7\u00fck, para kar\u015f\u0131l\u0131\u011f\u0131 yay\u0131n yapt\u0131\u011f\u0131 su\u00e7lamalar\u0131n\u0131 da reddetti.Son dakika haberi&#8230; \u0130stanbul Cumhuriyet Ba\u015fsavc\u0131l\u0131\u011f\u0131 taraf\u0131ndan y\u00fcr\u00fct\u00fclen soru\u015fturma kapsam\u0131nda \u201cHalk\u0131 yan\u0131lt\u0131c\u0131 bilgiyi alenen yayma\u201d ve \u201c\u015eantaj\u201d su\u00e7lamas\u0131yla g\u00f6zalt\u0131na al\u0131nan Cem K\u00fc\u00e7\u00fck, savc\u0131l\u0131kta ifadesi al\u0131nd\u0131ktan sonra &#8220;tutuklama&#8221; istemiyle Sulh Ceza Hakimli\u011fine sevkedildi. Savc\u0131l\u0131\u011f\u0131n sevk yaz\u0131s\u0131nda, Fatih Kele\u015f ve Berkay Gezgin&#8217;e ili\u015fkin a\u00e7\u0131klamalar\u0131n\u0131n ger\u00e7e\u011fe ayk\u0131r\u0131 oldu\u011fu \u00f6ne s\u00fcr\u00fcl\u00fcrken, K\u00fc\u00e7\u00fck ise haberleri ba\u015fka bir bas\u0131n kurulu\u015fundan aktard\u0131\u011f\u0131n\u0131 ve yanl\u0131\u015f oldu\u011funu anlay\u0131nca \u00f6z\u00fcr diledi\u011fini savundu. K\u00fc\u00e7\u00fck, para kar\u015f\u0131l\u0131\u011f\u0131 yay\u0131n yapt\u0131\u011f\u0131 su\u00e7lamalar\u0131n\u0131 da reddetti.\u00a0<a href=\"https:\/\/www.cumhuriyet.com.tr\/turkiye\/son-dakika-cem-kucuk-e-tutuklama-istemi-2525370\" target=\"_blank\" class=\"feedzy-rss-link-icon\">Read More<\/a><\/p>","protected":false},"excerpt":{"rendered":"<p>Son dakika haberi&#8230; \u0130stanbul Cumhuriyet Ba\u015fsavc\u0131l\u0131\u011f\u0131 taraf\u0131ndan y\u00fcr\u00fct\u00fclen soru\u015fturma kapsam\u0131nda \u201cHalk\u0131 yan\u0131lt\u0131c\u0131 bilgiyi alenen yayma\u201d ve \u201c\u015eantaj\u201d su\u00e7lamas\u0131yla g\u00f6zalt\u0131na al\u0131nan Cem K\u00fc\u00e7\u00fck, savc\u0131l\u0131kta ifadesi al\u0131nd\u0131ktan sonra &#8220;tutuklama&#8221; istemiyle Sulh Ceza Hakimli\u011fine sevkedildi. Savc\u0131l\u0131\u011f\u0131n sevk yaz\u0131s\u0131nda, Fatih Kele\u015f ve Berkay Gezgin&#8217;e ili\u015fkin a\u00e7\u0131klamalar\u0131n\u0131n ger\u00e7e\u011fe ayk\u0131r\u0131 oldu\u011fu \u00f6ne s\u00fcr\u00fcl\u00fcrken, K\u00fc\u00e7\u00fck ise haberleri ba\u015fka bir bas\u0131n kurulu\u015fundan aktard\u0131\u011f\u0131n\u0131 [&hellip;]<\/p>\n","protected":false},"author":1,"featured_media":39209,"comment_status":"open","ping_status":"open","sticky":false,"template":"","format":"standard","meta":{"footnotes":"","_links_to":"","_links_to_target":""},"categories":[1],"tags":[],"class_list":["post-39208","post","type-post","status-publish","format-standard","has-post-thumbnail","hentry","category-haberler"],"_links":{"self":[{"href":"https:\/\/www.abchukuk.com\/index.php\/wp-json\/wp\/v2\/posts\/39208","targetHints":{"allow":["GET"]}}],"collection":[{"href":"https:\/\/www.abchukuk.com\/index.php\/wp-json\/wp\/v2\/posts"}],"about":[{"href":"https:\/\/www.abchukuk.com\/index.php\/wp-json\/wp\/v2\/types\/post"}],"author":[{"embeddable":true,"href":"https:\/\/www.abchukuk.com\/index.php\/wp-json\/wp\/v2\/users\/1"}],"replies":[{"embeddable":true,"href":"https:\/\/www.abchukuk.com\/index.php\/wp-json\/wp\/v2\/comments?post=39208"}],"version-history":[{"count":0,"href":"https:\/\/www.abchukuk.com\/index.php\/wp-json\/wp\/v2\/posts\/39208\/revisions"}],"wp:featuredmedia":[{"embeddable":true,"href":"https:\/\/www.abchukuk.com\/index.php\/wp-json\/wp\/v2\/media\/39209"}],"wp:attachment":[{"href":"https:\/\/www.abchukuk.com\/index.php\/wp-json\/wp\/v2\/media?parent=39208"}],"wp:term":[{"taxonomy":"category","embeddable":true,"href":"https:\/\/www.abchukuk.com\/index.php\/wp-json\/wp\/v2\/categories?post=39208"},{"taxonomy":"post_tag","embeddable":true,"href":"https:\/\/www.abchukuk.com\/index.php\/wp-json\/wp\/v2\/tags?post=39208"}],"curies":[{"name":"wp","href":"https:\/\/api.w.org\/{rel}","templated":true}]}}