{"id":36831,"date":"2026-07-12T17:02:57","date_gmt":"2026-07-12T17:02:57","guid":{"rendered":"https:\/\/www.abchukuk.com\/index.php\/2026\/07\/12\/adalet-bakani-gurlek-manevi-tazminat-davasindan-kazandigi-150-bin-lirayi-turk-kizilaya-bagisladi\/"},"modified":"2026-07-12T17:02:57","modified_gmt":"2026-07-12T17:02:57","slug":"adalet-bakani-gurlek-manevi-tazminat-davasindan-kazandigi-150-bin-lirayi-turk-kizilaya-bagisladi","status":"publish","type":"post","link":"https:\/\/www.abchukuk.com\/index.php\/2026\/07\/12\/adalet-bakani-gurlek-manevi-tazminat-davasindan-kazandigi-150-bin-lirayi-turk-kizilaya-bagisladi\/","title":{"rendered":"Adalet Bakan\u0131 G\u00fcrlek manevi tazminat davas\u0131ndan kazand\u0131\u011f\u0131 150 bin liray\u0131 T\u00fcrk K\u0131z\u0131lay&#8217;a ba\u011f\u0131\u015flad\u0131"},"content":{"rendered":"<p>Adalet Bakan\u0131 G\u00fcrlek kendisine y\u00f6nelik haks\u0131z ithamlar nedeniyle a\u00e7t\u0131\u011f\u0131 manevi tazminat davas\u0131nda kazand\u0131\u011f\u0131 150 bin liray\u0131 T\u00fcrk K\u0131z\u0131lay&#8217;a ba\u011f\u0131\u015flad\u0131\u011f\u0131n\u0131 a\u00e7\u0131klad\u0131.Adalet Bakan\u0131 G\u00fcrlek kendisine y\u00f6nelik haks\u0131z ithamlar nedeniyle a\u00e7t\u0131\u011f\u0131 manevi tazminat davas\u0131nda kazand\u0131\u011f\u0131 150 bin liray\u0131 T\u00fcrk K\u0131z\u0131lay&#8217;a ba\u011f\u0131\u015flad\u0131\u011f\u0131n\u0131 a\u00e7\u0131klad\u0131.\u00a0<a href=\"https:\/\/anlatilaninotesi.com.tr\/20260712\/adalet-bakani-gurlek-manevi-tazminat-davasindan-kazandigi-150-bin-lirayi-turk-kizilaya-bagisladi-1107199504.html\" target=\"_blank\" class=\"feedzy-rss-link-icon\">Read More<\/a><\/p>","protected":false},"excerpt":{"rendered":"<p>Adalet Bakan\u0131 G\u00fcrlek kendisine y\u00f6nelik haks\u0131z ithamlar nedeniyle a\u00e7t\u0131\u011f\u0131 manevi tazminat davas\u0131nda kazand\u0131\u011f\u0131 150 bin liray\u0131 T\u00fcrk K\u0131z\u0131lay&#8217;a ba\u011f\u0131\u015flad\u0131\u011f\u0131n\u0131 a\u00e7\u0131klad\u0131.Adalet Bakan\u0131 G\u00fcrlek kendisine y\u00f6nelik haks\u0131z ithamlar nedeniyle a\u00e7t\u0131\u011f\u0131 manevi tazminat davas\u0131nda kazand\u0131\u011f\u0131 150 bin liray\u0131 T\u00fcrk K\u0131z\u0131lay&#8217;a ba\u011f\u0131\u015flad\u0131\u011f\u0131n\u0131 a\u00e7\u0131klad\u0131.\u00a0Read More<\/p>\n","protected":false},"author":1,"featured_media":0,"comment_status":"open","ping_status":"open","sticky":false,"template":"","format":"standard","meta":{"footnotes":"","_links_to":"","_links_to_target":""},"categories":[1],"tags":[],"class_list":["post-36831","post","type-post","status-publish","format-standard","hentry","category-haberler"],"_links":{"self":[{"href":"https:\/\/www.abchukuk.com\/index.php\/wp-json\/wp\/v2\/posts\/36831","targetHints":{"allow":["GET"]}}],"collection":[{"href":"https:\/\/www.abchukuk.com\/index.php\/wp-json\/wp\/v2\/posts"}],"about":[{"href":"https:\/\/www.abchukuk.com\/index.php\/wp-json\/wp\/v2\/types\/post"}],"author":[{"embeddable":true,"href":"https:\/\/www.abchukuk.com\/index.php\/wp-json\/wp\/v2\/users\/1"}],"replies":[{"embeddable":true,"href":"https:\/\/www.abchukuk.com\/index.php\/wp-json\/wp\/v2\/comments?post=36831"}],"version-history":[{"count":0,"href":"https:\/\/www.abchukuk.com\/index.php\/wp-json\/wp\/v2\/posts\/36831\/revisions"}],"wp:attachment":[{"href":"https:\/\/www.abchukuk.com\/index.php\/wp-json\/wp\/v2\/media?parent=36831"}],"wp:term":[{"taxonomy":"category","embeddable":true,"href":"https:\/\/www.abchukuk.com\/index.php\/wp-json\/wp\/v2\/categories?post=36831"},{"taxonomy":"post_tag","embeddable":true,"href":"https:\/\/www.abchukuk.com\/index.php\/wp-json\/wp\/v2\/tags?post=36831"}],"curies":[{"name":"wp","href":"https:\/\/api.w.org\/{rel}","templated":true}]}}