{"id":36596,"date":"2026-07-12T09:17:29","date_gmt":"2026-07-12T09:17:29","guid":{"rendered":"https:\/\/www.abchukuk.com\/index.php\/2026\/07\/12\/adalet-bakanligi-personel-alimi-sonuc-tarihi\/"},"modified":"2026-07-12T09:17:29","modified_gmt":"2026-07-12T09:17:29","slug":"adalet-bakanligi-personel-alimi-sonuc-tarihi","status":"publish","type":"post","link":"https:\/\/www.abchukuk.com\/index.php\/2026\/07\/12\/adalet-bakanligi-personel-alimi-sonuc-tarihi\/","title":{"rendered":"Adalet Bakanl\u0131\u011f\u0131 personel al\u0131m\u0131 sonu\u00e7 tarihi"},"content":{"rendered":"<p>Adalet Bakanl\u0131\u011f\u0131 15 bin personel al\u0131m\u0131 ba\u015fvuru s\u00fcrecinin sona ermesiyle birlikte adaylar sonu\u00e7 tarihine odakland\u0131. Zab\u0131t katibi, infaz ve koruma memuru, destek personeli ile farkl\u0131 kadrolara ba\u015fvuran binlerce ki\u015fi, Personel Genel M\u00fcd\u00fcrl\u00fc\u011f\u00fc taraf\u0131ndan yay\u0131mlanacak sonu\u00e7 duyurusunu yak\u0131ndan takip ediyor. Sonu\u00e7lar\u0131n a\u00e7\u0131klanmas\u0131n\u0131n ard\u0131ndan s\u00f6zl\u00fc s\u0131nava kat\u0131lmaya hak kazanan adaylar belli olacak, s\u0131nav yeri, tarihi ve belge teslim s\u00fcrecine ili\u015fkin ayr\u0131nt\u0131lar da ilan edilecek. Peki, Adalet Bakanl\u0131\u011f\u0131 personel al\u0131m\u0131 sonu\u00e7lar\u0131 2026 a\u00e7\u0131kland\u0131 m\u0131, ne zaman a\u00e7\u0131klanacak? \u0130\u015fte il il Adalet Bakanl\u0131\u011f\u0131 personel al\u0131m\u0131 sonu\u00e7lar\u0131 sorgulama ekran\u0131&#8230;Adalet Bakanl\u0131\u011f\u0131 15 bin personel al\u0131m\u0131 ba\u015fvuru s\u00fcrecinin sona ermesiyle birlikte adaylar sonu\u00e7 tarihine odakland\u0131. Zab\u0131t katibi, infaz ve koruma memuru, destek personeli ile farkl\u0131 kadrolara ba\u015fvuran binlerce ki\u015fi, Personel Genel M\u00fcd\u00fcrl\u00fc\u011f\u00fc taraf\u0131ndan yay\u0131mlanacak sonu\u00e7 duyurusunu yak\u0131ndan takip ediyor. Sonu\u00e7lar\u0131n a\u00e7\u0131klanmas\u0131n\u0131n ard\u0131ndan s\u00f6zl\u00fc s\u0131nava kat\u0131lmaya hak kazanan adaylar belli olacak, s\u0131nav yeri, tarihi ve belge teslim s\u00fcrecine ili\u015fkin ayr\u0131nt\u0131lar da ilan edilecek. Peki, Adalet Bakanl\u0131\u011f\u0131 personel al\u0131m\u0131 sonu\u00e7lar\u0131 2026 a\u00e7\u0131kland\u0131 m\u0131, ne zaman a\u00e7\u0131klanacak? \u0130\u015fte il il Adalet Bakanl\u0131\u011f\u0131 personel al\u0131m\u0131 sonu\u00e7lar\u0131 sorgulama ekran\u0131&#8230;\u00a0<a href=\"https:\/\/www.haberturk.com\/adalet-bakanligi-personel-alimi-sonuclari-2026-aciklandi-mi-ne-zaman-aciklanacak-3897909\" target=\"_blank\" class=\"feedzy-rss-link-icon\">Read More<\/a><\/p>","protected":false},"excerpt":{"rendered":"<p>Adalet Bakanl\u0131\u011f\u0131 15 bin personel al\u0131m\u0131 ba\u015fvuru s\u00fcrecinin sona ermesiyle birlikte adaylar sonu\u00e7 tarihine odakland\u0131. Zab\u0131t katibi, infaz ve koruma memuru, destek personeli ile farkl\u0131 kadrolara ba\u015fvuran binlerce ki\u015fi, Personel Genel M\u00fcd\u00fcrl\u00fc\u011f\u00fc taraf\u0131ndan yay\u0131mlanacak sonu\u00e7 duyurusunu yak\u0131ndan takip ediyor. Sonu\u00e7lar\u0131n a\u00e7\u0131klanmas\u0131n\u0131n ard\u0131ndan s\u00f6zl\u00fc s\u0131nava kat\u0131lmaya hak kazanan adaylar belli olacak, s\u0131nav yeri, tarihi ve belge [&hellip;]<\/p>\n","protected":false},"author":1,"featured_media":0,"comment_status":"open","ping_status":"open","sticky":false,"template":"","format":"standard","meta":{"footnotes":"","_links_to":"","_links_to_target":""},"categories":[1],"tags":[],"class_list":["post-36596","post","type-post","status-publish","format-standard","hentry","category-haberler"],"_links":{"self":[{"href":"https:\/\/www.abchukuk.com\/index.php\/wp-json\/wp\/v2\/posts\/36596","targetHints":{"allow":["GET"]}}],"collection":[{"href":"https:\/\/www.abchukuk.com\/index.php\/wp-json\/wp\/v2\/posts"}],"about":[{"href":"https:\/\/www.abchukuk.com\/index.php\/wp-json\/wp\/v2\/types\/post"}],"author":[{"embeddable":true,"href":"https:\/\/www.abchukuk.com\/index.php\/wp-json\/wp\/v2\/users\/1"}],"replies":[{"embeddable":true,"href":"https:\/\/www.abchukuk.com\/index.php\/wp-json\/wp\/v2\/comments?post=36596"}],"version-history":[{"count":0,"href":"https:\/\/www.abchukuk.com\/index.php\/wp-json\/wp\/v2\/posts\/36596\/revisions"}],"wp:attachment":[{"href":"https:\/\/www.abchukuk.com\/index.php\/wp-json\/wp\/v2\/media?parent=36596"}],"wp:term":[{"taxonomy":"category","embeddable":true,"href":"https:\/\/www.abchukuk.com\/index.php\/wp-json\/wp\/v2\/categories?post=36596"},{"taxonomy":"post_tag","embeddable":true,"href":"https:\/\/www.abchukuk.com\/index.php\/wp-json\/wp\/v2\/tags?post=36596"}],"curies":[{"name":"wp","href":"https:\/\/api.w.org\/{rel}","templated":true}]}}