{"id":36591,"date":"2026-07-12T07:52:54","date_gmt":"2026-07-12T07:52:54","guid":{"rendered":"https:\/\/www.abchukuk.com\/index.php\/2026\/07\/12\/adalet-bakanligi-personel-alimi-basvuru-aciklandi-mi\/"},"modified":"2026-07-12T07:52:54","modified_gmt":"2026-07-12T07:52:54","slug":"adalet-bakanligi-personel-alimi-basvuru-aciklandi-mi","status":"publish","type":"post","link":"https:\/\/www.abchukuk.com\/index.php\/2026\/07\/12\/adalet-bakanligi-personel-alimi-basvuru-aciklandi-mi\/","title":{"rendered":"Adalet Bakanl\u0131\u011f\u0131 personel al\u0131m\u0131 ba\u015fvuru a\u00e7\u0131kland\u0131 m\u0131?"},"content":{"rendered":"<p>Adalet Bakanl\u0131\u011f\u0131\u2019n\u0131n 15 bin personel al\u0131m\u0131na ili\u015fkin s\u00fcre\u00e7 yak\u0131ndan takip edilirken, ba\u015fvurular\u0131n ba\u015flay\u0131p ba\u015flamad\u0131\u011f\u0131 ve resmi ilan tarihinin netle\u015fip netle\u015fmedi\u011fi adaylar\u0131n g\u00fcndeminde yer al\u0131yor. G\u00f6zler, ba\u015fvuru takvimi ve detaylar\u0131n a\u00e7\u0131klanaca\u011f\u0131 duyurulara \u00e7evrildi. Peki, Adalet Bakanl\u0131\u011f\u0131 15 bin personel al\u0131m\u0131 ba\u015fvuru a\u00e7\u0131kland\u0131 m\u0131, ne zaman a\u00e7\u0131klanacak? Ayr\u0131nt\u0131lar haberimizde.Adalet Bakanl\u0131\u011f\u0131\u2019n\u0131n 15 bin personel al\u0131m\u0131na ili\u015fkin s\u00fcre\u00e7 yak\u0131ndan takip edilirken, ba\u015fvurular\u0131n ba\u015flay\u0131p ba\u015flamad\u0131\u011f\u0131 ve resmi ilan tarihinin netle\u015fip netle\u015fmedi\u011fi adaylar\u0131n g\u00fcndeminde yer al\u0131yor. G\u00f6zler, ba\u015fvuru takvimi ve detaylar\u0131n a\u00e7\u0131klanaca\u011f\u0131 duyurulara \u00e7evrildi. Peki, Adalet Bakanl\u0131\u011f\u0131 15 bin personel al\u0131m\u0131 ba\u015fvuru a\u00e7\u0131kland\u0131 m\u0131, ne zaman a\u00e7\u0131klanacak? Ayr\u0131nt\u0131lar haberimizde.\u00a0<a href=\"https:\/\/www.haberturk.com\/adalet-bakanligi-personel-alimi-basvuru-sonuclari-adalet-bakanligi-15-bin-personel-alimi-basvuru-aciklandi-mi-ne-zaman-aciklanacak-3897853\" target=\"_blank\" class=\"feedzy-rss-link-icon\">Read More<\/a><\/p>","protected":false},"excerpt":{"rendered":"<p>Adalet Bakanl\u0131\u011f\u0131\u2019n\u0131n 15 bin personel al\u0131m\u0131na ili\u015fkin s\u00fcre\u00e7 yak\u0131ndan takip edilirken, ba\u015fvurular\u0131n ba\u015flay\u0131p ba\u015flamad\u0131\u011f\u0131 ve resmi ilan tarihinin netle\u015fip netle\u015fmedi\u011fi adaylar\u0131n g\u00fcndeminde yer al\u0131yor. G\u00f6zler, ba\u015fvuru takvimi ve detaylar\u0131n a\u00e7\u0131klanaca\u011f\u0131 duyurulara \u00e7evrildi. Peki, Adalet Bakanl\u0131\u011f\u0131 15 bin personel al\u0131m\u0131 ba\u015fvuru a\u00e7\u0131kland\u0131 m\u0131, ne zaman a\u00e7\u0131klanacak? Ayr\u0131nt\u0131lar haberimizde.Adalet Bakanl\u0131\u011f\u0131\u2019n\u0131n 15 bin personel al\u0131m\u0131na ili\u015fkin s\u00fcre\u00e7 yak\u0131ndan [&hellip;]<\/p>\n","protected":false},"author":1,"featured_media":0,"comment_status":"open","ping_status":"open","sticky":false,"template":"","format":"standard","meta":{"footnotes":"","_links_to":"","_links_to_target":""},"categories":[1],"tags":[],"class_list":["post-36591","post","type-post","status-publish","format-standard","hentry","category-haberler"],"_links":{"self":[{"href":"https:\/\/www.abchukuk.com\/index.php\/wp-json\/wp\/v2\/posts\/36591","targetHints":{"allow":["GET"]}}],"collection":[{"href":"https:\/\/www.abchukuk.com\/index.php\/wp-json\/wp\/v2\/posts"}],"about":[{"href":"https:\/\/www.abchukuk.com\/index.php\/wp-json\/wp\/v2\/types\/post"}],"author":[{"embeddable":true,"href":"https:\/\/www.abchukuk.com\/index.php\/wp-json\/wp\/v2\/users\/1"}],"replies":[{"embeddable":true,"href":"https:\/\/www.abchukuk.com\/index.php\/wp-json\/wp\/v2\/comments?post=36591"}],"version-history":[{"count":0,"href":"https:\/\/www.abchukuk.com\/index.php\/wp-json\/wp\/v2\/posts\/36591\/revisions"}],"wp:attachment":[{"href":"https:\/\/www.abchukuk.com\/index.php\/wp-json\/wp\/v2\/media?parent=36591"}],"wp:term":[{"taxonomy":"category","embeddable":true,"href":"https:\/\/www.abchukuk.com\/index.php\/wp-json\/wp\/v2\/categories?post=36591"},{"taxonomy":"post_tag","embeddable":true,"href":"https:\/\/www.abchukuk.com\/index.php\/wp-json\/wp\/v2\/tags?post=36591"}],"curies":[{"name":"wp","href":"https:\/\/api.w.org\/{rel}","templated":true}]}}