{"id":36518,"date":"2026-07-11T07:48:01","date_gmt":"2026-07-11T07:48:01","guid":{"rendered":"https:\/\/www.abchukuk.com\/index.php\/2026\/07\/11\/cankaya-belediyesine-operasyon-belediye-baskani-dahil-36-kisiye-gozalti-karari\/"},"modified":"2026-07-11T07:48:01","modified_gmt":"2026-07-11T07:48:01","slug":"cankaya-belediyesine-operasyon-belediye-baskani-dahil-36-kisiye-gozalti-karari","status":"publish","type":"post","link":"https:\/\/www.abchukuk.com\/index.php\/2026\/07\/11\/cankaya-belediyesine-operasyon-belediye-baskani-dahil-36-kisiye-gozalti-karari\/","title":{"rendered":"\u00c7ankaya Belediyesi&#8217;ne operasyon: Belediye ba\u015fkan\u0131 dahil 36 ki\u015fiye g\u00f6zalt\u0131 karar\u0131"},"content":{"rendered":"<p>Ankara Cumhuriyet Ba\u015fsavc\u0131l\u0131\u011f\u0131&#8217;ndan yap\u0131lan a\u00e7\u0131klamada, &#8216;r\u00fc\u015fvet alma, r\u00fc\u015fvet verme, ihaleye fesat kar\u0131\u015ft\u0131rma su\u00e7lar\u0131ndan&#8217; \u00c7ankaya Belediye Ba\u015fkan\u0131 H\u00fcseyin Can G\u00fcner de dahil olmak \u00fczere 36 ki\u015fi hakk\u0131nda g\u00f6zalt\u0131 karar\u0131 verildi\u011fi, 27 ki\u015finin ise g\u00f6zalt\u0131na al\u0131nd\u0131\u011f\u0131 belirtildi.Ankara Cumhuriyet Ba\u015fsavc\u0131l\u0131\u011f\u0131&#8217;ndan yap\u0131lan a\u00e7\u0131klamada, &#8216;r\u00fc\u015fvet alma, r\u00fc\u015fvet verme, ihaleye fesat kar\u0131\u015ft\u0131rma su\u00e7lar\u0131ndan&#8217; \u00c7ankaya Belediye Ba\u015fkan\u0131 H\u00fcseyin Can G\u00fcner de dahil olmak \u00fczere 36 ki\u015fi hakk\u0131nda g\u00f6zalt\u0131 karar\u0131 verildi\u011fi, 27 ki\u015finin ise g\u00f6zalt\u0131na al\u0131nd\u0131\u011f\u0131 belirtildi.\u00a0<a href=\"http:\/\/tr.euronews.com\/2026\/07\/11\/cankaya-belediyesine-operasyon-belediye-baskani-dahil-36-kisiye-gozalti-karari\" target=\"_blank\" class=\"feedzy-rss-link-icon\">Read More<\/a><\/p>","protected":false},"excerpt":{"rendered":"<p>Ankara Cumhuriyet Ba\u015fsavc\u0131l\u0131\u011f\u0131&#8217;ndan yap\u0131lan a\u00e7\u0131klamada, &#8216;r\u00fc\u015fvet alma, r\u00fc\u015fvet verme, ihaleye fesat kar\u0131\u015ft\u0131rma su\u00e7lar\u0131ndan&#8217; \u00c7ankaya Belediye Ba\u015fkan\u0131 H\u00fcseyin Can G\u00fcner de dahil olmak \u00fczere 36 ki\u015fi hakk\u0131nda g\u00f6zalt\u0131 karar\u0131 verildi\u011fi, 27 ki\u015finin ise g\u00f6zalt\u0131na al\u0131nd\u0131\u011f\u0131 belirtildi.Ankara Cumhuriyet Ba\u015fsavc\u0131l\u0131\u011f\u0131&#8217;ndan yap\u0131lan a\u00e7\u0131klamada, &#8216;r\u00fc\u015fvet alma, r\u00fc\u015fvet verme, ihaleye fesat kar\u0131\u015ft\u0131rma su\u00e7lar\u0131ndan&#8217; \u00c7ankaya Belediye Ba\u015fkan\u0131 H\u00fcseyin Can G\u00fcner de dahil [&hellip;]<\/p>\n","protected":false},"author":1,"featured_media":0,"comment_status":"open","ping_status":"open","sticky":false,"template":"","format":"standard","meta":{"footnotes":"","_links_to":"","_links_to_target":""},"categories":[1],"tags":[],"class_list":["post-36518","post","type-post","status-publish","format-standard","hentry","category-haberler"],"_links":{"self":[{"href":"https:\/\/www.abchukuk.com\/index.php\/wp-json\/wp\/v2\/posts\/36518","targetHints":{"allow":["GET"]}}],"collection":[{"href":"https:\/\/www.abchukuk.com\/index.php\/wp-json\/wp\/v2\/posts"}],"about":[{"href":"https:\/\/www.abchukuk.com\/index.php\/wp-json\/wp\/v2\/types\/post"}],"author":[{"embeddable":true,"href":"https:\/\/www.abchukuk.com\/index.php\/wp-json\/wp\/v2\/users\/1"}],"replies":[{"embeddable":true,"href":"https:\/\/www.abchukuk.com\/index.php\/wp-json\/wp\/v2\/comments?post=36518"}],"version-history":[{"count":0,"href":"https:\/\/www.abchukuk.com\/index.php\/wp-json\/wp\/v2\/posts\/36518\/revisions"}],"wp:attachment":[{"href":"https:\/\/www.abchukuk.com\/index.php\/wp-json\/wp\/v2\/media?parent=36518"}],"wp:term":[{"taxonomy":"category","embeddable":true,"href":"https:\/\/www.abchukuk.com\/index.php\/wp-json\/wp\/v2\/categories?post=36518"},{"taxonomy":"post_tag","embeddable":true,"href":"https:\/\/www.abchukuk.com\/index.php\/wp-json\/wp\/v2\/tags?post=36518"}],"curies":[{"name":"wp","href":"https:\/\/api.w.org\/{rel}","templated":true}]}}