{"id":36430,"date":"2026-07-10T05:59:35","date_gmt":"2026-07-10T05:59:35","guid":{"rendered":"https:\/\/www.abchukuk.com\/index.php\/2026\/07\/10\/istanbulda-cete-operasyonu-18-gozalti\/"},"modified":"2026-07-10T05:59:35","modified_gmt":"2026-07-10T05:59:35","slug":"istanbulda-cete-operasyonu-18-gozalti","status":"publish","type":"post","link":"https:\/\/www.abchukuk.com\/index.php\/2026\/07\/10\/istanbulda-cete-operasyonu-18-gozalti\/","title":{"rendered":"\u0130stanbul\u2019da \u00e7ete operasyonu: 18 g\u00f6zalt\u0131"},"content":{"rendered":"<p>\u0130stanbul\u2019un Anadolu yakas\u0131nda sokak \u00e7etelerine mensup olduklar\u0131 iddia edilen ve hara\u00e7 motivasyonuyla \u00e7ok say\u0131da farkl\u0131 eyleme kar\u0131\u015fmakla su\u00e7lanan 18 \u015f\u00fcpheli d\u00fczenlenen operasyonda yakaland\u0131. Zanl\u0131lar\u0131n kar\u0131\u015ft\u0131klar\u0131 baz\u0131 eylemler g\u00fcvenlik kameralar\u0131na da yans\u0131d\u0131\u0130stanbul\u2019un Anadolu yakas\u0131nda sokak \u00e7etelerine mensup olduklar\u0131 iddia edilen ve hara\u00e7 motivasyonuyla \u00e7ok say\u0131da farkl\u0131 eyleme kar\u0131\u015fmakla su\u00e7lanan 18 \u015f\u00fcpheli d\u00fczenlenen operasyonda yakaland\u0131. Zanl\u0131lar\u0131n kar\u0131\u015ft\u0131klar\u0131 baz\u0131 eylemler g\u00fcvenlik kameralar\u0131na da yans\u0131d\u0131\u00a0<a href=\"https:\/\/www.haberturk.com\/son-dakika-haberleri-istanbulda-cete-operasyonu-18-gozalti-3897470\" target=\"_blank\" class=\"feedzy-rss-link-icon\">Read More<\/a><\/p>","protected":false},"excerpt":{"rendered":"<p>\u0130stanbul\u2019un Anadolu yakas\u0131nda sokak \u00e7etelerine mensup olduklar\u0131 iddia edilen ve hara\u00e7 motivasyonuyla \u00e7ok say\u0131da farkl\u0131 eyleme kar\u0131\u015fmakla su\u00e7lanan 18 \u015f\u00fcpheli d\u00fczenlenen operasyonda yakaland\u0131. Zanl\u0131lar\u0131n kar\u0131\u015ft\u0131klar\u0131 baz\u0131 eylemler g\u00fcvenlik kameralar\u0131na da yans\u0131d\u0131\u0130stanbul\u2019un Anadolu yakas\u0131nda sokak \u00e7etelerine mensup olduklar\u0131 iddia edilen ve hara\u00e7 motivasyonuyla \u00e7ok say\u0131da farkl\u0131 eyleme kar\u0131\u015fmakla su\u00e7lanan 18 \u015f\u00fcpheli d\u00fczenlenen operasyonda yakaland\u0131. Zanl\u0131lar\u0131n kar\u0131\u015ft\u0131klar\u0131 [&hellip;]<\/p>\n","protected":false},"author":1,"featured_media":0,"comment_status":"open","ping_status":"open","sticky":false,"template":"","format":"standard","meta":{"footnotes":"","_links_to":"","_links_to_target":""},"categories":[1],"tags":[],"class_list":["post-36430","post","type-post","status-publish","format-standard","hentry","category-haberler"],"_links":{"self":[{"href":"https:\/\/www.abchukuk.com\/index.php\/wp-json\/wp\/v2\/posts\/36430","targetHints":{"allow":["GET"]}}],"collection":[{"href":"https:\/\/www.abchukuk.com\/index.php\/wp-json\/wp\/v2\/posts"}],"about":[{"href":"https:\/\/www.abchukuk.com\/index.php\/wp-json\/wp\/v2\/types\/post"}],"author":[{"embeddable":true,"href":"https:\/\/www.abchukuk.com\/index.php\/wp-json\/wp\/v2\/users\/1"}],"replies":[{"embeddable":true,"href":"https:\/\/www.abchukuk.com\/index.php\/wp-json\/wp\/v2\/comments?post=36430"}],"version-history":[{"count":0,"href":"https:\/\/www.abchukuk.com\/index.php\/wp-json\/wp\/v2\/posts\/36430\/revisions"}],"wp:attachment":[{"href":"https:\/\/www.abchukuk.com\/index.php\/wp-json\/wp\/v2\/media?parent=36430"}],"wp:term":[{"taxonomy":"category","embeddable":true,"href":"https:\/\/www.abchukuk.com\/index.php\/wp-json\/wp\/v2\/categories?post=36430"},{"taxonomy":"post_tag","embeddable":true,"href":"https:\/\/www.abchukuk.com\/index.php\/wp-json\/wp\/v2\/tags?post=36430"}],"curies":[{"name":"wp","href":"https:\/\/api.w.org\/{rel}","templated":true}]}}