{"id":36343,"date":"2026-07-08T16:49:28","date_gmt":"2026-07-08T16:49:28","guid":{"rendered":"https:\/\/www.abchukuk.com\/index.php\/2026\/07\/08\/ekrem-imamoglunun-mahkemedeki-sozlerine-sorusturma-baslatildi\/"},"modified":"2026-07-08T16:49:28","modified_gmt":"2026-07-08T16:49:28","slug":"ekrem-imamoglunun-mahkemedeki-sozlerine-sorusturma-baslatildi","status":"publish","type":"post","link":"https:\/\/www.abchukuk.com\/index.php\/2026\/07\/08\/ekrem-imamoglunun-mahkemedeki-sozlerine-sorusturma-baslatildi\/","title":{"rendered":"Ekrem \u0130mamo\u011flu&#8217;nun mahkemedeki s\u00f6zlerine soru\u015fturma ba\u015flat\u0131ld\u0131"},"content":{"rendered":"<p>Bak\u0131rk\u00f6y Cumhuriyet Ba\u015fsavc\u0131l\u0131\u011f\u0131, Ekrem \u0130mamo\u011flu hakk\u0131nda, yarg\u0131land\u0131\u011f\u0131 davan\u0131n duru\u015fmas\u0131nda sarf etti\u011fi s\u00f6zler nedeniyle &#8220;kamu g\u00f6revlisini tehdit&#8221; su\u00e7lamas\u0131yla resen soru\u015fturma ba\u015flat\u0131ld\u0131\u011f\u0131n\u0131 duyurdu.Bak\u0131rk\u00f6y Cumhuriyet Ba\u015fsavc\u0131l\u0131\u011f\u0131, Ekrem \u0130mamo\u011flu hakk\u0131nda, yarg\u0131land\u0131\u011f\u0131 davan\u0131n duru\u015fmas\u0131nda sarf etti\u011fi s\u00f6zler nedeniyle &#8220;kamu g\u00f6revlisini tehdit&#8221; su\u00e7lamas\u0131yla resen soru\u015fturma ba\u015flat\u0131ld\u0131\u011f\u0131n\u0131 duyurdu.\u00a0<a href=\"https:\/\/www.haberturk.com\/ekrem-imamoglu-nun-mahkemedeki-sozlerine-sorusturma-baslatildi-3897186\" target=\"_blank\" class=\"feedzy-rss-link-icon\">Read More<\/a><\/p>","protected":false},"excerpt":{"rendered":"<p>Bak\u0131rk\u00f6y Cumhuriyet Ba\u015fsavc\u0131l\u0131\u011f\u0131, Ekrem \u0130mamo\u011flu hakk\u0131nda, yarg\u0131land\u0131\u011f\u0131 davan\u0131n duru\u015fmas\u0131nda sarf etti\u011fi s\u00f6zler nedeniyle &#8220;kamu g\u00f6revlisini tehdit&#8221; su\u00e7lamas\u0131yla resen soru\u015fturma ba\u015flat\u0131ld\u0131\u011f\u0131n\u0131 duyurdu.Bak\u0131rk\u00f6y Cumhuriyet Ba\u015fsavc\u0131l\u0131\u011f\u0131, Ekrem \u0130mamo\u011flu hakk\u0131nda, yarg\u0131land\u0131\u011f\u0131 davan\u0131n duru\u015fmas\u0131nda sarf etti\u011fi s\u00f6zler nedeniyle &#8220;kamu g\u00f6revlisini tehdit&#8221; su\u00e7lamas\u0131yla resen soru\u015fturma ba\u015flat\u0131ld\u0131\u011f\u0131n\u0131 duyurdu.\u00a0Read More<\/p>\n","protected":false},"author":1,"featured_media":0,"comment_status":"open","ping_status":"open","sticky":false,"template":"","format":"standard","meta":{"footnotes":"","_links_to":"","_links_to_target":""},"categories":[1],"tags":[],"class_list":["post-36343","post","type-post","status-publish","format-standard","hentry","category-haberler"],"_links":{"self":[{"href":"https:\/\/www.abchukuk.com\/index.php\/wp-json\/wp\/v2\/posts\/36343","targetHints":{"allow":["GET"]}}],"collection":[{"href":"https:\/\/www.abchukuk.com\/index.php\/wp-json\/wp\/v2\/posts"}],"about":[{"href":"https:\/\/www.abchukuk.com\/index.php\/wp-json\/wp\/v2\/types\/post"}],"author":[{"embeddable":true,"href":"https:\/\/www.abchukuk.com\/index.php\/wp-json\/wp\/v2\/users\/1"}],"replies":[{"embeddable":true,"href":"https:\/\/www.abchukuk.com\/index.php\/wp-json\/wp\/v2\/comments?post=36343"}],"version-history":[{"count":0,"href":"https:\/\/www.abchukuk.com\/index.php\/wp-json\/wp\/v2\/posts\/36343\/revisions"}],"wp:attachment":[{"href":"https:\/\/www.abchukuk.com\/index.php\/wp-json\/wp\/v2\/media?parent=36343"}],"wp:term":[{"taxonomy":"category","embeddable":true,"href":"https:\/\/www.abchukuk.com\/index.php\/wp-json\/wp\/v2\/categories?post=36343"},{"taxonomy":"post_tag","embeddable":true,"href":"https:\/\/www.abchukuk.com\/index.php\/wp-json\/wp\/v2\/tags?post=36343"}],"curies":[{"name":"wp","href":"https:\/\/api.w.org\/{rel}","templated":true}]}}