{"id":36292,"date":"2026-07-08T19:14:22","date_gmt":"2026-07-08T19:14:22","guid":{"rendered":"https:\/\/www.abchukuk.com\/index.php\/2026\/07\/08\/gorevden-uzaklastirilan-beyoglu-belediye-baskani-inan-guney-tahliye-edildi\/"},"modified":"2026-07-08T19:14:22","modified_gmt":"2026-07-08T19:14:22","slug":"gorevden-uzaklastirilan-beyoglu-belediye-baskani-inan-guney-tahliye-edildi","status":"publish","type":"post","link":"https:\/\/www.abchukuk.com\/index.php\/2026\/07\/08\/gorevden-uzaklastirilan-beyoglu-belediye-baskani-inan-guney-tahliye-edildi\/","title":{"rendered":"G\u00f6revden uzakla\u015ft\u0131r\u0131lan Beyo\u011flu Belediye Ba\u015fkan\u0131 \u0130nan G\u00fcney tahliye edildi"},"content":{"rendered":"<p>Yolsuzluk iddias\u0131yla tutuklanan ve g\u00f6revinden uzakla\u015ft\u0131r\u0131lan Beyo\u011flu Belediye Ba\u015fkan\u0131 \u0130nan G\u00fcney hakk\u0131nda tahliye karar\u0131 verildi.Yolsuzluk iddias\u0131yla tutuklanan ve g\u00f6revinden uzakla\u015ft\u0131r\u0131lan Beyo\u011flu Belediye Ba\u015fkan\u0131 \u0130nan G\u00fcney hakk\u0131nda tahliye karar\u0131 verildi.\u00a0<a href=\"https:\/\/www.bbc.com\/turkce\/articles\/c2087pgjz82o?at_medium=RSS&amp;at_campaign=rss\" target=\"_blank\" class=\"feedzy-rss-link-icon\">Read More<\/a><\/p>","protected":false},"excerpt":{"rendered":"<p>Yolsuzluk iddias\u0131yla tutuklanan ve g\u00f6revinden uzakla\u015ft\u0131r\u0131lan Beyo\u011flu Belediye Ba\u015fkan\u0131 \u0130nan G\u00fcney hakk\u0131nda tahliye karar\u0131 verildi.Yolsuzluk iddias\u0131yla tutuklanan ve g\u00f6revinden uzakla\u015ft\u0131r\u0131lan Beyo\u011flu Belediye Ba\u015fkan\u0131 \u0130nan G\u00fcney hakk\u0131nda tahliye karar\u0131 verildi.\u00a0Read More<\/p>\n","protected":false},"author":1,"featured_media":36293,"comment_status":"open","ping_status":"open","sticky":false,"template":"","format":"standard","meta":{"footnotes":"","_links_to":"","_links_to_target":""},"categories":[1],"tags":[],"class_list":["post-36292","post","type-post","status-publish","format-standard","has-post-thumbnail","hentry","category-haberler"],"_links":{"self":[{"href":"https:\/\/www.abchukuk.com\/index.php\/wp-json\/wp\/v2\/posts\/36292","targetHints":{"allow":["GET"]}}],"collection":[{"href":"https:\/\/www.abchukuk.com\/index.php\/wp-json\/wp\/v2\/posts"}],"about":[{"href":"https:\/\/www.abchukuk.com\/index.php\/wp-json\/wp\/v2\/types\/post"}],"author":[{"embeddable":true,"href":"https:\/\/www.abchukuk.com\/index.php\/wp-json\/wp\/v2\/users\/1"}],"replies":[{"embeddable":true,"href":"https:\/\/www.abchukuk.com\/index.php\/wp-json\/wp\/v2\/comments?post=36292"}],"version-history":[{"count":0,"href":"https:\/\/www.abchukuk.com\/index.php\/wp-json\/wp\/v2\/posts\/36292\/revisions"}],"wp:featuredmedia":[{"embeddable":true,"href":"https:\/\/www.abchukuk.com\/index.php\/wp-json\/wp\/v2\/media\/36293"}],"wp:attachment":[{"href":"https:\/\/www.abchukuk.com\/index.php\/wp-json\/wp\/v2\/media?parent=36292"}],"wp:term":[{"taxonomy":"category","embeddable":true,"href":"https:\/\/www.abchukuk.com\/index.php\/wp-json\/wp\/v2\/categories?post=36292"},{"taxonomy":"post_tag","embeddable":true,"href":"https:\/\/www.abchukuk.com\/index.php\/wp-json\/wp\/v2\/tags?post=36292"}],"curies":[{"name":"wp","href":"https:\/\/api.w.org\/{rel}","templated":true}]}}