{"id":3609,"date":"2025-09-07T15:48:00","date_gmt":"2025-09-07T15:48:00","guid":{"rendered":"http:\/\/www.lopsssdoner.com\/index.php\/2025\/09\/07\/adliyeye-sevk-edilen-emniyet-muduru-arslanin-kardesi-cumhurbaskanligi-koruma-polisi-cikti\/"},"modified":"2025-09-07T15:48:00","modified_gmt":"2025-09-07T15:48:00","slug":"adliyeye-sevk-edilen-emniyet-muduru-arslanin-kardesi-cumhurbaskanligi-koruma-polisi-cikti","status":"publish","type":"post","link":"https:\/\/www.abchukuk.com\/index.php\/2025\/09\/07\/adliyeye-sevk-edilen-emniyet-muduru-arslanin-kardesi-cumhurbaskanligi-koruma-polisi-cikti\/","title":{"rendered":"Adliyeye sevk edilen Emniyet M\u00fcd\u00fcr\u00fc Arslan&#8217;\u0131n karde\u015fi Cumhurba\u015fkanl\u0131\u011f\u0131 Koruma polisi \u00e7\u0131kt\u0131"},"content":{"rendered":"<p>\u201cR\u00fc\u015fvete arac\u0131l\u0131k\u201d, \u201chaks\u0131z mal edinme\u201d ve \u201cdoland\u0131r\u0131c\u0131l\u0131k\u201d iddialar\u0131yla hakk\u0131nda soru\u015fturma ba\u015flat\u0131lan ve g\u00f6revden al\u0131nan eski Antalya \u0130l Emniyet M\u00fcd\u00fcr\u00fc \u0130lker Arslan\u2019\u0131n karde\u015fiyle ilgili dikkat \u00e7eken bir bilgi ortaya \u00e7\u0131kt\u0131.\u201cR\u00fc\u015fvete arac\u0131l\u0131k\u201d, \u201chaks\u0131z mal edinme\u201d ve \u201cdoland\u0131r\u0131c\u0131l\u0131k\u201d iddialar\u0131yla hakk\u0131nda soru\u015fturma ba\u015flat\u0131lan ve g\u00f6revden al\u0131nan eski Antalya \u0130l Emniyet M\u00fcd\u00fcr\u00fc \u0130lker Arslan\u2019\u0131n karde\u015fiyle ilgili dikkat \u00e7eken bir bilgi ortaya \u00e7\u0131kt\u0131.\u00a0<a href=\"https:\/\/www.cumhuriyet.com.tr\/turkiye\/adliyeye-sevk-edilen-emniyet-muduru-arslan-in-kardesi-cumhurbaskanligi-koruma-polisi-cikti-2433072\" target=\"_blank\" class=\"feedzy-rss-link-icon\">Read More<\/a><\/p>","protected":false},"excerpt":{"rendered":"<p>\u201cR\u00fc\u015fvete arac\u0131l\u0131k\u201d, \u201chaks\u0131z mal edinme\u201d ve \u201cdoland\u0131r\u0131c\u0131l\u0131k\u201d iddialar\u0131yla hakk\u0131nda soru\u015fturma ba\u015flat\u0131lan ve g\u00f6revden al\u0131nan eski Antalya \u0130l Emniyet M\u00fcd\u00fcr\u00fc \u0130lker Arslan\u2019\u0131n karde\u015fiyle ilgili dikkat \u00e7eken bir bilgi ortaya \u00e7\u0131kt\u0131.\u201cR\u00fc\u015fvete arac\u0131l\u0131k\u201d, \u201chaks\u0131z mal edinme\u201d ve \u201cdoland\u0131r\u0131c\u0131l\u0131k\u201d iddialar\u0131yla hakk\u0131nda soru\u015fturma ba\u015flat\u0131lan ve g\u00f6revden al\u0131nan eski Antalya \u0130l Emniyet M\u00fcd\u00fcr\u00fc \u0130lker Arslan\u2019\u0131n karde\u015fiyle ilgili dikkat \u00e7eken bir bilgi [&hellip;]<\/p>\n","protected":false},"author":1,"featured_media":3610,"comment_status":"open","ping_status":"open","sticky":false,"template":"","format":"standard","meta":{"footnotes":"","_links_to":"","_links_to_target":""},"categories":[1],"tags":[],"class_list":["post-3609","post","type-post","status-publish","format-standard","has-post-thumbnail","hentry","category-haberler"],"_links":{"self":[{"href":"https:\/\/www.abchukuk.com\/index.php\/wp-json\/wp\/v2\/posts\/3609","targetHints":{"allow":["GET"]}}],"collection":[{"href":"https:\/\/www.abchukuk.com\/index.php\/wp-json\/wp\/v2\/posts"}],"about":[{"href":"https:\/\/www.abchukuk.com\/index.php\/wp-json\/wp\/v2\/types\/post"}],"author":[{"embeddable":true,"href":"https:\/\/www.abchukuk.com\/index.php\/wp-json\/wp\/v2\/users\/1"}],"replies":[{"embeddable":true,"href":"https:\/\/www.abchukuk.com\/index.php\/wp-json\/wp\/v2\/comments?post=3609"}],"version-history":[{"count":0,"href":"https:\/\/www.abchukuk.com\/index.php\/wp-json\/wp\/v2\/posts\/3609\/revisions"}],"wp:featuredmedia":[{"embeddable":true,"href":"https:\/\/www.abchukuk.com\/index.php\/wp-json\/wp\/v2\/media\/3610"}],"wp:attachment":[{"href":"https:\/\/www.abchukuk.com\/index.php\/wp-json\/wp\/v2\/media?parent=3609"}],"wp:term":[{"taxonomy":"category","embeddable":true,"href":"https:\/\/www.abchukuk.com\/index.php\/wp-json\/wp\/v2\/categories?post=3609"},{"taxonomy":"post_tag","embeddable":true,"href":"https:\/\/www.abchukuk.com\/index.php\/wp-json\/wp\/v2\/tags?post=3609"}],"curies":[{"name":"wp","href":"https:\/\/api.w.org\/{rel}","templated":true}]}}