{"id":3600,"date":"2025-09-07T16:57:00","date_gmt":"2025-09-07T16:57:00","guid":{"rendered":"http:\/\/www.lopsssdoner.com\/index.php\/2025\/09\/07\/ikm-sonuclari-ne-zaman-aciklanacak-adalet-bakanligi-ikm-basvuru-sonuclari-nereden-ogrenilir\/"},"modified":"2025-09-09T22:27:02","modified_gmt":"2025-09-09T22:27:02","slug":"ikm-sonuclari-ne-zaman-aciklanacak-adalet-bakanligi-ikm-basvuru-sonuclari-nereden-ogrenilir","status":"publish","type":"post","link":"https:\/\/www.abchukuk.com\/index.php\/2025\/09\/07\/ikm-sonuclari-ne-zaman-aciklanacak-adalet-bakanligi-ikm-basvuru-sonuclari-nereden-ogrenilir\/","title":{"rendered":"\u0130KM sonu\u00e7lar\u0131 ne zaman a\u00e7\u0131klanacak? Adalet Bakanl\u0131\u011f\u0131 \u0130KM ba\u015fvuru sonu\u00e7lar\u0131 nereden \u00f6\u011frenilir?"},"content":{"rendered":"\n<p>Adalet Bakanl\u0131\u011f\u0131 \u0130KM personel al\u0131m\u0131 sonu\u00e7lar\u0131 i\u00e7in nefesler tutuldu. Adalet Bakanl\u0131\u011f\u0131 \u0130nfaz Koruma Memuru (\u0130KM) al\u0131m\u0131 i\u00e7in ba\u015fvurular, 1-15 A\u011fustos tarihleri aras\u0131nda al\u0131nd\u0131. Peki, \u0130KM sonu\u00e7lar\u0131 ne zaman a\u00e7\u0131klanacak? Adalet Bakanl\u0131\u011f\u0131 \u0130KM ba\u015fvuru sonu\u00e7lar\u0131 nereden \u00f6\u011frenilir?Adalet Bakanl\u0131\u011f\u0131 \u0130KM personel al\u0131m\u0131 sonu\u00e7lar\u0131 i\u00e7in nefesler tutuldu. Adalet Bakanl\u0131\u011f\u0131 \u0130nfaz Koruma Memuru (\u0130KM) al\u0131m\u0131 i\u00e7in ba\u015fvurular, 1-15 A\u011fustos tarihleri aras\u0131nda al\u0131nd\u0131. Peki, \u0130KM sonu\u00e7lar\u0131 ne zaman a\u00e7\u0131klanacak? Adalet Bakanl\u0131\u011f\u0131 \u0130KM ba\u015fvuru sonu\u00e7lar\u0131 nereden \u00f6\u011frenilir?\u00a0<a href=\"https:\/\/www.cumhuriyet.com.tr\/turkiye\/ikm-sonuclari-ne-zaman-aciklanacak-adalet-bakanligi-ikm-basvuru-sonuclari-nereden-ogrenilir-2433086\" target=\"_blank\" class=\"feedzy-rss-link-icon\">Haberin devam\u0131 i\u00e7in t\u0131klay\u0131n.<\/a><\/p>\n","protected":false},"excerpt":{"rendered":"<p>Adalet Bakanl\u0131\u011f\u0131 \u0130KM personel al\u0131m\u0131 sonu\u00e7lar\u0131 i\u00e7in nefesler tutuldu. Adalet Bakanl\u0131\u011f\u0131 \u0130nfaz Koruma Memuru (\u0130KM) al\u0131m\u0131 i\u00e7in ba\u015fvurular, 1-15 A\u011fustos tarihleri aras\u0131nda al\u0131nd\u0131. Peki, \u0130KM sonu\u00e7lar\u0131 ne zaman a\u00e7\u0131klanacak? Adalet Bakanl\u0131\u011f\u0131 \u0130KM ba\u015fvuru sonu\u00e7lar\u0131 nereden \u00f6\u011frenilir?Adalet Bakanl\u0131\u011f\u0131 \u0130KM personel al\u0131m\u0131 sonu\u00e7lar\u0131 i\u00e7in nefesler tutuldu. Adalet Bakanl\u0131\u011f\u0131 \u0130nfaz Koruma Memuru (\u0130KM) al\u0131m\u0131 i\u00e7in ba\u015fvurular, 1-15 A\u011fustos [&hellip;]<\/p>\n","protected":false},"author":1,"featured_media":3601,"comment_status":"open","ping_status":"open","sticky":false,"template":"","format":"standard","meta":{"footnotes":"","_links_to":"","_links_to_target":""},"categories":[1],"tags":[],"class_list":["post-3600","post","type-post","status-publish","format-standard","has-post-thumbnail","hentry","category-haberler"],"_links":{"self":[{"href":"https:\/\/www.abchukuk.com\/index.php\/wp-json\/wp\/v2\/posts\/3600","targetHints":{"allow":["GET"]}}],"collection":[{"href":"https:\/\/www.abchukuk.com\/index.php\/wp-json\/wp\/v2\/posts"}],"about":[{"href":"https:\/\/www.abchukuk.com\/index.php\/wp-json\/wp\/v2\/types\/post"}],"author":[{"embeddable":true,"href":"https:\/\/www.abchukuk.com\/index.php\/wp-json\/wp\/v2\/users\/1"}],"replies":[{"embeddable":true,"href":"https:\/\/www.abchukuk.com\/index.php\/wp-json\/wp\/v2\/comments?post=3600"}],"version-history":[{"count":1,"href":"https:\/\/www.abchukuk.com\/index.php\/wp-json\/wp\/v2\/posts\/3600\/revisions"}],"predecessor-version":[{"id":4116,"href":"https:\/\/www.abchukuk.com\/index.php\/wp-json\/wp\/v2\/posts\/3600\/revisions\/4116"}],"wp:featuredmedia":[{"embeddable":true,"href":"https:\/\/www.abchukuk.com\/index.php\/wp-json\/wp\/v2\/media\/3601"}],"wp:attachment":[{"href":"https:\/\/www.abchukuk.com\/index.php\/wp-json\/wp\/v2\/media?parent=3600"}],"wp:term":[{"taxonomy":"category","embeddable":true,"href":"https:\/\/www.abchukuk.com\/index.php\/wp-json\/wp\/v2\/categories?post=3600"},{"taxonomy":"post_tag","embeddable":true,"href":"https:\/\/www.abchukuk.com\/index.php\/wp-json\/wp\/v2\/tags?post=3600"}],"curies":[{"name":"wp","href":"https:\/\/api.w.org\/{rel}","templated":true}]}}