{"id":3594,"date":"2025-09-07T14:09:00","date_gmt":"2025-09-07T14:09:00","guid":{"rendered":"http:\/\/www.lopsssdoner.com\/index.php\/2025\/09\/07\/adam-toplayip-bashekimligi-basmislardi-ambulans-kovalayan-baba-ogul-adliyeye-sevk-edildi\/"},"modified":"2025-09-07T14:09:00","modified_gmt":"2025-09-07T14:09:00","slug":"adam-toplayip-bashekimligi-basmislardi-ambulans-kovalayan-baba-ogul-adliyeye-sevk-edildi","status":"publish","type":"post","link":"https:\/\/www.abchukuk.com\/index.php\/2025\/09\/07\/adam-toplayip-bashekimligi-basmislardi-ambulans-kovalayan-baba-ogul-adliyeye-sevk-edildi\/","title":{"rendered":"Adam toplay\u0131p ba\u015fhekimli\u011fi basm\u0131\u015flard\u0131! Ambulans kovalayan baba-o\u011ful adliyeye sevk edildi"},"content":{"rendered":"<p>Eski\u015fehir&#8217;de ambulans\u0131 kilometrelerce kovalayan, ard\u0131ndan da Eski\u015fehir Ambulans Servisi Ba\u015fhekimli\u011fi&#8217;ne s\u0131\u011f\u0131nan sa\u011fl\u0131k \u00e7al\u0131\u015fanlar\u0131n\u0131 adam toplay\u0131p d\u00f6vmeye kalkan baba-o\u011ful adliyeye sevk edildi.Eski\u015fehir&#8217;de ambulans\u0131 kilometrelerce kovalayan, ard\u0131ndan da Eski\u015fehir Ambulans Servisi Ba\u015fhekimli\u011fi&#8217;ne s\u0131\u011f\u0131nan sa\u011fl\u0131k \u00e7al\u0131\u015fanlar\u0131n\u0131 adam toplay\u0131p d\u00f6vmeye kalkan baba-o\u011ful adliyeye sevk edildi.\u00a0<a href=\"https:\/\/www.dunya.com\/gundem\/adam-toplayip-bashekimligi-basmislardi-ambulans-kovalayan-baba-ogul-adliyeye-sevk-edildi-haberi-793068\" target=\"_blank\" class=\"feedzy-rss-link-icon\">Read More<\/a><\/p>","protected":false},"excerpt":{"rendered":"<p>Eski\u015fehir&#8217;de ambulans\u0131 kilometrelerce kovalayan, ard\u0131ndan da Eski\u015fehir Ambulans Servisi Ba\u015fhekimli\u011fi&#8217;ne s\u0131\u011f\u0131nan sa\u011fl\u0131k \u00e7al\u0131\u015fanlar\u0131n\u0131 adam toplay\u0131p d\u00f6vmeye kalkan baba-o\u011ful adliyeye sevk edildi.Eski\u015fehir&#8217;de ambulans\u0131 kilometrelerce kovalayan, ard\u0131ndan da Eski\u015fehir Ambulans Servisi Ba\u015fhekimli\u011fi&#8217;ne s\u0131\u011f\u0131nan sa\u011fl\u0131k \u00e7al\u0131\u015fanlar\u0131n\u0131 adam toplay\u0131p d\u00f6vmeye kalkan baba-o\u011ful adliyeye sevk edildi.\u00a0Read More<\/p>\n","protected":false},"author":1,"featured_media":3595,"comment_status":"open","ping_status":"open","sticky":false,"template":"","format":"standard","meta":{"footnotes":"","_links_to":"","_links_to_target":""},"categories":[1],"tags":[],"class_list":["post-3594","post","type-post","status-publish","format-standard","has-post-thumbnail","hentry","category-haberler"],"_links":{"self":[{"href":"https:\/\/www.abchukuk.com\/index.php\/wp-json\/wp\/v2\/posts\/3594","targetHints":{"allow":["GET"]}}],"collection":[{"href":"https:\/\/www.abchukuk.com\/index.php\/wp-json\/wp\/v2\/posts"}],"about":[{"href":"https:\/\/www.abchukuk.com\/index.php\/wp-json\/wp\/v2\/types\/post"}],"author":[{"embeddable":true,"href":"https:\/\/www.abchukuk.com\/index.php\/wp-json\/wp\/v2\/users\/1"}],"replies":[{"embeddable":true,"href":"https:\/\/www.abchukuk.com\/index.php\/wp-json\/wp\/v2\/comments?post=3594"}],"version-history":[{"count":0,"href":"https:\/\/www.abchukuk.com\/index.php\/wp-json\/wp\/v2\/posts\/3594\/revisions"}],"wp:featuredmedia":[{"embeddable":true,"href":"https:\/\/www.abchukuk.com\/index.php\/wp-json\/wp\/v2\/media\/3595"}],"wp:attachment":[{"href":"https:\/\/www.abchukuk.com\/index.php\/wp-json\/wp\/v2\/media?parent=3594"}],"wp:term":[{"taxonomy":"category","embeddable":true,"href":"https:\/\/www.abchukuk.com\/index.php\/wp-json\/wp\/v2\/categories?post=3594"},{"taxonomy":"post_tag","embeddable":true,"href":"https:\/\/www.abchukuk.com\/index.php\/wp-json\/wp\/v2\/tags?post=3594"}],"curies":[{"name":"wp","href":"https:\/\/api.w.org\/{rel}","templated":true}]}}