{"id":3590,"date":"2025-09-07T13:17:00","date_gmt":"2025-09-07T13:17:00","guid":{"rendered":"http:\/\/www.lopsssdoner.com\/index.php\/2025\/09\/07\/gorevden-alinan-antalya-emniyet-muduru-ilker-arslan-adliyeye-sevk-edildi-emniyette-susma-hakkini-kullandi\/"},"modified":"2025-09-07T13:17:00","modified_gmt":"2025-09-07T13:17:00","slug":"gorevden-alinan-antalya-emniyet-muduru-ilker-arslan-adliyeye-sevk-edildi-emniyette-susma-hakkini-kullandi","status":"publish","type":"post","link":"https:\/\/www.abchukuk.com\/index.php\/2025\/09\/07\/gorevden-alinan-antalya-emniyet-muduru-ilker-arslan-adliyeye-sevk-edildi-emniyette-susma-hakkini-kullandi\/","title":{"rendered":"G\u00f6revden al\u0131nan Antalya Emniyet M\u00fcd\u00fcr\u00fc \u0130lker Arslan adliyeye sevk edildi! Emniyet&#8217;te &#8216;susma hakk\u0131n\u0131&#8217; kulland\u0131&#8230;"},"content":{"rendered":"<p>&#8220;R\u00fc\u015fvet ve \u00e7\u0131kar ili\u015fkilerine girdi\u011fi&#8221; iddias\u0131 ile g\u00f6revden uzakla\u015ft\u0131r\u0131l\u0131p g\u00f6zalt\u0131 karar\u0131 verildikten sonra teslim olan Antalya \u0130l Emniyet M\u00fcd\u00fcr\u00fc \u0130lker Arslan, adliyeye sevk edildi.&#8221;R\u00fc\u015fvet ve \u00e7\u0131kar ili\u015fkilerine girdi\u011fi&#8221; iddias\u0131 ile g\u00f6revden uzakla\u015ft\u0131r\u0131l\u0131p g\u00f6zalt\u0131 karar\u0131 verildikten sonra teslim olan Antalya \u0130l Emniyet M\u00fcd\u00fcr\u00fc \u0130lker Arslan, adliyeye sevk edildi.\u00a0<a href=\"https:\/\/www.cumhuriyet.com.tr\/turkiye\/gorevden-alinan-antalya-emniyet-muduru-ilker-arslan-adliyeye-sevk-edildi-emniyet-te-susma-hakkini-kullandi-2433027\" target=\"_blank\" class=\"feedzy-rss-link-icon\">Read More<\/a><\/p>","protected":false},"excerpt":{"rendered":"<p>&#8220;R\u00fc\u015fvet ve \u00e7\u0131kar ili\u015fkilerine girdi\u011fi&#8221; iddias\u0131 ile g\u00f6revden uzakla\u015ft\u0131r\u0131l\u0131p g\u00f6zalt\u0131 karar\u0131 verildikten sonra teslim olan Antalya \u0130l Emniyet M\u00fcd\u00fcr\u00fc \u0130lker Arslan, adliyeye sevk edildi.&#8221;R\u00fc\u015fvet ve \u00e7\u0131kar ili\u015fkilerine girdi\u011fi&#8221; iddias\u0131 ile g\u00f6revden uzakla\u015ft\u0131r\u0131l\u0131p g\u00f6zalt\u0131 karar\u0131 verildikten sonra teslim olan Antalya \u0130l Emniyet M\u00fcd\u00fcr\u00fc \u0130lker Arslan, adliyeye sevk edildi.\u00a0Read More<\/p>\n","protected":false},"author":1,"featured_media":3591,"comment_status":"open","ping_status":"open","sticky":false,"template":"","format":"standard","meta":{"footnotes":"","_links_to":"","_links_to_target":""},"categories":[1],"tags":[],"class_list":["post-3590","post","type-post","status-publish","format-standard","has-post-thumbnail","hentry","category-haberler"],"_links":{"self":[{"href":"https:\/\/www.abchukuk.com\/index.php\/wp-json\/wp\/v2\/posts\/3590","targetHints":{"allow":["GET"]}}],"collection":[{"href":"https:\/\/www.abchukuk.com\/index.php\/wp-json\/wp\/v2\/posts"}],"about":[{"href":"https:\/\/www.abchukuk.com\/index.php\/wp-json\/wp\/v2\/types\/post"}],"author":[{"embeddable":true,"href":"https:\/\/www.abchukuk.com\/index.php\/wp-json\/wp\/v2\/users\/1"}],"replies":[{"embeddable":true,"href":"https:\/\/www.abchukuk.com\/index.php\/wp-json\/wp\/v2\/comments?post=3590"}],"version-history":[{"count":0,"href":"https:\/\/www.abchukuk.com\/index.php\/wp-json\/wp\/v2\/posts\/3590\/revisions"}],"wp:featuredmedia":[{"embeddable":true,"href":"https:\/\/www.abchukuk.com\/index.php\/wp-json\/wp\/v2\/media\/3591"}],"wp:attachment":[{"href":"https:\/\/www.abchukuk.com\/index.php\/wp-json\/wp\/v2\/media?parent=3590"}],"wp:term":[{"taxonomy":"category","embeddable":true,"href":"https:\/\/www.abchukuk.com\/index.php\/wp-json\/wp\/v2\/categories?post=3590"},{"taxonomy":"post_tag","embeddable":true,"href":"https:\/\/www.abchukuk.com\/index.php\/wp-json\/wp\/v2\/tags?post=3590"}],"curies":[{"name":"wp","href":"https:\/\/api.w.org\/{rel}","templated":true}]}}