{"id":3586,"date":"2025-09-07T13:40:00","date_gmt":"2025-09-07T13:40:00","guid":{"rendered":"http:\/\/www.lopsssdoner.com\/index.php\/2025\/09\/07\/antalya-il-emniyet-muduru-ilker-arslan-adliyeye-sevk-edildi\/"},"modified":"2025-09-07T13:40:00","modified_gmt":"2025-09-07T13:40:00","slug":"antalya-il-emniyet-muduru-ilker-arslan-adliyeye-sevk-edildi","status":"publish","type":"post","link":"https:\/\/www.abchukuk.com\/index.php\/2025\/09\/07\/antalya-il-emniyet-muduru-ilker-arslan-adliyeye-sevk-edildi\/","title":{"rendered":"Antalya \u0130l Emniyet M\u00fcd\u00fcr\u00fc \u0130lker Arslan, Adliyeye Sevk Edildi"},"content":{"rendered":"<p><a href=\"https:\/\/www.gercekgundem.com\/guncel\/antalya-il-emniyet-muduru-ilker-arslan-adliyeye-sevk-edildi-554334\"><br \/>\n                                                            <img decoding=\"async\" src=\"https:\/\/i.gercekgundem.com\/2\/150\/84\/storage\/files\/images\/2025\/09\/07\/antalya-il-emniyet-muduru-ilker-arslan-adliyeye-sevk-edildi-c7qw.png\" width=\"150\" height=\"84\" border=\"0\" align=\"right\" \/><br \/>\n                                                    <\/a><\/p>\n<h4>Antalya Cumhuriyet Ba\u015fsavc\u0131l\u0131\u011f\u0131 taraf\u0131ndan y\u00fcr\u00fct\u00fclen \u2018r\u00fc\u015fvet\u2019 soru\u015fturmas\u0131nda \u0130\u00e7i\u015fleri Bakanl\u0131\u011f\u0131 karar\u0131yla Antalya Emniyet M\u00fcd\u00fcrl\u00fc\u011f\u00fc g\u00f6revinden uzakla\u015ft\u0131r\u0131l\u0131p hakk\u0131nda g\u00f6zalt\u0131 karar\u0131 verilen \u0130lker Arslan, emniyetteki i\u015flemlerinin ard\u0131ndan adliyeye sevk edildi.<\/h4>\n<p>Antalya Cumhuriyet Ba\u015fsavc\u0131l\u0131\u011f\u0131 taraf\u0131ndan y\u00fcr\u00fct\u00fclen \u2018r\u00fc\u015fvet\u2019 soru\u015fturmas\u0131nda \u0130\u00e7i\u015fleri Bakanl\u0131\u011f\u0131 karar\u0131yla Antalya Emniyet M\u00fcd\u00fcrl\u00fc\u011f\u00fc g\u00f6revinden uzakla\u015ft\u0131r\u0131l\u0131p hakk\u0131nda g\u00f6zalt\u0131 karar\u0131 verilen \u0130lker Arslan, emniyetteki i\u015flemlerinin ard\u0131ndan adliyeye sevk edildi.\u00a0<a href=\"https:\/\/www.gercekgundem.com\/guncel\/antalya-il-emniyet-muduru-ilker-arslan-adliyeye-sevk-edildi-554334\" target=\"_blank\" class=\"feedzy-rss-link-icon\">Read More<\/a><\/p>","protected":false},"excerpt":{"rendered":"<p>Antalya Cumhuriyet Ba\u015fsavc\u0131l\u0131\u011f\u0131 taraf\u0131ndan y\u00fcr\u00fct\u00fclen \u2018r\u00fc\u015fvet\u2019 soru\u015fturmas\u0131nda \u0130\u00e7i\u015fleri Bakanl\u0131\u011f\u0131 karar\u0131yla Antalya Emniyet M\u00fcd\u00fcrl\u00fc\u011f\u00fc g\u00f6revinden uzakla\u015ft\u0131r\u0131l\u0131p hakk\u0131nda g\u00f6zalt\u0131 karar\u0131 verilen \u0130lker Arslan, emniyetteki i\u015flemlerinin ard\u0131ndan adliyeye sevk edildi. Antalya Cumhuriyet Ba\u015fsavc\u0131l\u0131\u011f\u0131 taraf\u0131ndan y\u00fcr\u00fct\u00fclen \u2018r\u00fc\u015fvet\u2019 soru\u015fturmas\u0131nda \u0130\u00e7i\u015fleri Bakanl\u0131\u011f\u0131 karar\u0131yla Antalya Emniyet M\u00fcd\u00fcrl\u00fc\u011f\u00fc g\u00f6revinden uzakla\u015ft\u0131r\u0131l\u0131p hakk\u0131nda g\u00f6zalt\u0131 karar\u0131 verilen \u0130lker Arslan, emniyetteki i\u015flemlerinin ard\u0131ndan adliyeye sevk edildi.\u00a0Read More<\/p>\n","protected":false},"author":1,"featured_media":3587,"comment_status":"open","ping_status":"open","sticky":false,"template":"","format":"standard","meta":{"footnotes":"","_links_to":"","_links_to_target":""},"categories":[1],"tags":[],"class_list":["post-3586","post","type-post","status-publish","format-standard","has-post-thumbnail","hentry","category-haberler"],"_links":{"self":[{"href":"https:\/\/www.abchukuk.com\/index.php\/wp-json\/wp\/v2\/posts\/3586","targetHints":{"allow":["GET"]}}],"collection":[{"href":"https:\/\/www.abchukuk.com\/index.php\/wp-json\/wp\/v2\/posts"}],"about":[{"href":"https:\/\/www.abchukuk.com\/index.php\/wp-json\/wp\/v2\/types\/post"}],"author":[{"embeddable":true,"href":"https:\/\/www.abchukuk.com\/index.php\/wp-json\/wp\/v2\/users\/1"}],"replies":[{"embeddable":true,"href":"https:\/\/www.abchukuk.com\/index.php\/wp-json\/wp\/v2\/comments?post=3586"}],"version-history":[{"count":0,"href":"https:\/\/www.abchukuk.com\/index.php\/wp-json\/wp\/v2\/posts\/3586\/revisions"}],"wp:featuredmedia":[{"embeddable":true,"href":"https:\/\/www.abchukuk.com\/index.php\/wp-json\/wp\/v2\/media\/3587"}],"wp:attachment":[{"href":"https:\/\/www.abchukuk.com\/index.php\/wp-json\/wp\/v2\/media?parent=3586"}],"wp:term":[{"taxonomy":"category","embeddable":true,"href":"https:\/\/www.abchukuk.com\/index.php\/wp-json\/wp\/v2\/categories?post=3586"},{"taxonomy":"post_tag","embeddable":true,"href":"https:\/\/www.abchukuk.com\/index.php\/wp-json\/wp\/v2\/tags?post=3586"}],"curies":[{"name":"wp","href":"https:\/\/api.w.org\/{rel}","templated":true}]}}