{"id":3580,"date":"2025-09-07T12:16:36","date_gmt":"2025-09-07T12:16:36","guid":{"rendered":"http:\/\/www.lopsssdoner.com\/index.php\/2025\/09\/07\/bin-534-okulun-bakim-ve-onarini-denetimli-serbestlik-yukumluleri-tarafindan-yapildi\/"},"modified":"2025-09-07T12:16:36","modified_gmt":"2025-09-07T12:16:36","slug":"bin-534-okulun-bakim-ve-onarini-denetimli-serbestlik-yukumluleri-tarafindan-yapildi","status":"publish","type":"post","link":"https:\/\/www.abchukuk.com\/index.php\/2025\/09\/07\/bin-534-okulun-bakim-ve-onarini-denetimli-serbestlik-yukumluleri-tarafindan-yapildi\/","title":{"rendered":"Bin 534 okulun bak\u0131m ve onar\u0131n\u0131 denetimli serbestlik y\u00fck\u00fcml\u00fcleri taraf\u0131ndan yap\u0131ld\u0131"},"content":{"rendered":"<p class=\"p1\">Toplumu su\u00e7tan ve su\u00e7ludan korumak, su\u00e7 i\u015flenmesini \u00f6nlemek ve h\u00fck\u00fcml\u00fcleri yeniden topluma kazand\u0131rmak amac\u0131yla y\u00fcr\u00fct\u00fclen \u00e7al\u0131\u015fmalar kapsam\u0131nda, denetimli serbestlik y\u00fck\u00fcml\u00fcleri 2025-2026 e\u011fitim \u00f6\u011fretim y\u0131l\u0131 \u00f6ncesi okullarda \u00f6nemli g\u00f6revler \u00fcstlendi. Bin 534 okulun bak\u0131m ve onar\u0131n\u0131 denetimli serbestlik y\u00fck\u00fcml\u00fcleri taraf\u0131ndan yap\u0131ld\u0131.<\/p>\n<p><img decoding=\"async\" class=\"alignnone size-full wp-image-162817\" src=\"https:\/\/www.son.tv\/wp-content\/uploads\/2025\/09\/IMG_9450.jpeg\" alt=\"\" width=\"276\" height=\"181\" \/><\/p>\n<p class=\"p3\"><span class=\"s2\">Ceza adaletinin en \u00f6nemli amac\u0131n\u0131n, toplumu su\u00e7tan ve su\u00e7ludan korumak, su\u00e7 i\u015flenmesini \u00f6nlemek oldu\u011funu s\u00f6yleyen Adalet Bakan\u0131 Y\u0131lmaz Tun\u00e7, \u201c Su\u00e7lunun hem bir yapt\u0131r\u0131mla kar\u015f\u0131 kar\u015f\u0131ya kalmas\u0131 hem de onun yeniden topluma kazand\u0131r\u0131lmas\u0131 ceza adaletinin temelidir. Sosyal devlet olman\u0131n \u00f6nemli bir gere\u011fi olarak h\u00fck\u00fcml\u00fclerin yeniden topluma kazand\u0131r\u0131lmas\u0131na, bu ki\u015filere devlet eliyle e\u011fitim verilmesine ve mesleki deneyim kazand\u0131r\u0131lmas\u0131na b\u00fcy\u00fck \u00f6nem veriyoruz\u201d ifadelerini kulland\u0131.<img fetchpriority=\"high\" decoding=\"async\" class=\"alignnone size-large wp-image-162819\" src=\"https:\/\/www.son.tv\/wp-content\/uploads\/2025\/09\/IMG_9450-2-819x1024.jpeg\" alt=\"\" width=\"819\" height=\"1024\" \/><\/span><\/p>\n<p class=\"p3\"><span class=\"s2\">\u0130nsan\u0131 onaran adalet anlay\u0131\u015f\u0131n\u0131n sahadaki yans\u0131malar\u0131ndan biri olan denetimli serbestlik sistemi kapsam\u0131ndaki y\u00fck\u00fcml\u00fclerin, kamu yarar\u0131na i\u015flerde g\u00f6rev alarak hem toplumla uyum i\u00e7inde ya\u015fad\u0131\u011f\u0131n\u0131, hem de cezalar\u0131n\u0131 infaz ettiklerini s\u00f6yleyen Bakan Tun\u00e7, \u201c Gelece\u011fimizin teminat\u0131 \u00e7ocuklar\u0131m\u0131z\u0131n bilgiyle donat\u0131ld\u0131\u011f\u0131 okullar\u0131m\u0131z, denetimli serbestlik y\u00fck\u00fcml\u00fcleri taraf\u0131ndan 2025-2026 e\u011fitim \u00f6\u011fretim y\u0131l\u0131na haz\u0131rland\u0131.<span class=\"Apple-converted-space\">\u00a0 <\/span>Yaz tatili boyunca \u00fclkemiz genelindeki bin 534 e\u011fitim yuvas\u0131n\u0131n boya, tadilat, temizlik, bak\u0131m ve onar\u0131m i\u015fleri denetimli serbestlik y\u00fck\u00fcml\u00fclerince yap\u0131ld\u0131. Ayd\u0131nl\u0131k yar\u0131nlar\u0131m\u0131z olan evlatlar\u0131m\u0131za, daha da g\u00fczelle\u015fen okullar\u0131nda ba\u015far\u0131l\u0131 bir e\u011fitim \u00f6\u011fretim y\u0131l\u0131 ge\u00e7irmelerini diliyorum\u201d dedi<\/span><\/p>\n<p>Denetimli serbestlik y\u00fck\u00fcml\u00fcleri, 2025-2026 e\u011fitim \u00f6\u011fretim y\u0131l\u0131 \u00f6ncesinde \u00fclke genelinde Bin 534 okulda boya, tadilat, temizlik, bak\u0131m ve onar\u0131m \u00e7al\u0131\u015fmalar\u0131 yaparak okullar\u0131 yeni d\u00f6neme haz\u0131rlad\u0131.\u00a0<a href=\"https:\/\/www.son.tv\/bin-534-okulun-bakim-ve-onarini-denetimli-serbestlik-yukumluleri-tarafindan-yapildi\/\" target=\"_blank\" class=\"feedzy-rss-link-icon\">Read More<\/a><\/p>","protected":false},"excerpt":{"rendered":"<p>Toplumu su\u00e7tan ve su\u00e7ludan korumak, su\u00e7 i\u015flenmesini \u00f6nlemek ve h\u00fck\u00fcml\u00fcleri yeniden topluma kazand\u0131rmak amac\u0131yla y\u00fcr\u00fct\u00fclen \u00e7al\u0131\u015fmalar kapsam\u0131nda, denetimli serbestlik y\u00fck\u00fcml\u00fcleri 2025-2026 e\u011fitim \u00f6\u011fretim y\u0131l\u0131 \u00f6ncesi okullarda \u00f6nemli g\u00f6revler \u00fcstlendi. Bin 534 okulun bak\u0131m ve onar\u0131n\u0131 denetimli serbestlik y\u00fck\u00fcml\u00fcleri taraf\u0131ndan yap\u0131ld\u0131. Ceza adaletinin en \u00f6nemli amac\u0131n\u0131n, toplumu su\u00e7tan ve su\u00e7ludan korumak, su\u00e7 i\u015flenmesini \u00f6nlemek oldu\u011funu s\u00f6yleyen [&hellip;]<\/p>\n","protected":false},"author":1,"featured_media":3581,"comment_status":"open","ping_status":"open","sticky":false,"template":"","format":"standard","meta":{"footnotes":"","_links_to":"","_links_to_target":""},"categories":[1],"tags":[],"class_list":["post-3580","post","type-post","status-publish","format-standard","has-post-thumbnail","hentry","category-haberler"],"_links":{"self":[{"href":"https:\/\/www.abchukuk.com\/index.php\/wp-json\/wp\/v2\/posts\/3580","targetHints":{"allow":["GET"]}}],"collection":[{"href":"https:\/\/www.abchukuk.com\/index.php\/wp-json\/wp\/v2\/posts"}],"about":[{"href":"https:\/\/www.abchukuk.com\/index.php\/wp-json\/wp\/v2\/types\/post"}],"author":[{"embeddable":true,"href":"https:\/\/www.abchukuk.com\/index.php\/wp-json\/wp\/v2\/users\/1"}],"replies":[{"embeddable":true,"href":"https:\/\/www.abchukuk.com\/index.php\/wp-json\/wp\/v2\/comments?post=3580"}],"version-history":[{"count":0,"href":"https:\/\/www.abchukuk.com\/index.php\/wp-json\/wp\/v2\/posts\/3580\/revisions"}],"wp:featuredmedia":[{"embeddable":true,"href":"https:\/\/www.abchukuk.com\/index.php\/wp-json\/wp\/v2\/media\/3581"}],"wp:attachment":[{"href":"https:\/\/www.abchukuk.com\/index.php\/wp-json\/wp\/v2\/media?parent=3580"}],"wp:term":[{"taxonomy":"category","embeddable":true,"href":"https:\/\/www.abchukuk.com\/index.php\/wp-json\/wp\/v2\/categories?post=3580"},{"taxonomy":"post_tag","embeddable":true,"href":"https:\/\/www.abchukuk.com\/index.php\/wp-json\/wp\/v2\/tags?post=3580"}],"curies":[{"name":"wp","href":"https:\/\/api.w.org\/{rel}","templated":true}]}}