{"id":3565,"date":"2025-09-07T06:41:08","date_gmt":"2025-09-07T06:41:08","guid":{"rendered":"http:\/\/www.lopsssdoner.com\/index.php\/2025\/09\/07\/avukat-uyusturucu-kuryesi-cikti\/"},"modified":"2025-09-07T06:41:08","modified_gmt":"2025-09-07T06:41:08","slug":"avukat-uyusturucu-kuryesi-cikti","status":"publish","type":"post","link":"https:\/\/www.abchukuk.com\/index.php\/2025\/09\/07\/avukat-uyusturucu-kuryesi-cikti\/","title":{"rendered":"Avukat uyu\u015fturucu kuryesi \u00e7\u0131kt\u0131"},"content":{"rendered":"<p class=\"p1\">2019 y\u0131l\u0131nda K\u0131r\u015fehir Baro\u2019sundaki staj\u0131n\u0131 tamamlay\u0131p avukatl\u0131k yemini ederek mesle\u011fe ba\u015flad\u0131\u011f\u0131 \u00f6\u011frenilen Avukat Meltem Y\u0131lmaz K\u0131r\u015fehir Y\u00fcksek G\u00fcvenlikli Kapal\u0131 Ceza \u0130nfaz Kurumu\u2019nda yaralama ve ya\u011fma su\u00e7undan tutuklu bulunan m\u00fcvekkili A.K. ile g\u00f6r\u00fc\u015fmeye geldi.<\/p>\n<p class=\"p2\"><span class=\"s3\">Cezaevinde yapt\u0131\u011f\u0131 g\u00f6r\u00fc\u015fmede i\u00e7 \u00e7ama\u015f\u0131r\u0131n\u0131n ask\u0131s\u0131na gizledi\u011fi pe\u00e7eteye sar\u0131l\u0131 uyu\u015fturucu haplar\u0131 vermeye \u00e7al\u0131\u015fan avukat g\u00fcvenlik kameralar\u0131 taraf\u0131ndan su\u00e7\u00fcst\u00fc yakaland\u0131.<\/span><\/p>\n<p class=\"p2\"><span class=\"s3\">Cezaevi g\u00fcvenlik g\u00f6revlilerinin de dikkati sayesinde avukat\u0131n \u015f\u00fcpheli hareketleri fark edildi ve g\u00f6r\u00fc\u015fme kameralar\u0131 titizlikle incelendi. G\u00fcvenlik kameralar\u0131yla tespit edilen olay\u0131n ard\u0131ndan K\u0131r\u015fehir Cumhuriyet Ba\u015fsavc\u0131l\u0131\u011f\u0131 soru\u015fturma ba\u015flatt\u0131.<\/span><\/p>\n<p class=\"p2\"><span class=\"s3\">Yap\u0131lan aramalarda, \u015f\u00fcpheli avukat\u0131n arac\u0131nda 63 adet sentetik ecza bulundu. Tutuklunun \u00fczerinden de ye\u015fil re\u00e7eteyle sat\u0131lan pe\u00e7eteye sar\u0131l\u0131 13 adet sentetik hap ele ge\u00e7irildi.<\/span><\/p>\n<p class=\"p2\"><span class=\"s3\">Soru\u015fturma kapsam\u0131nda g\u00f6zalt\u0131na al\u0131nan Meltem Y\u0131lmaz, uyu\u015fturucu <\/span>temininden<span class=\"s3\"> \u00e7\u0131kar\u0131ld\u0131\u011f\u0131 <\/span>K\u0131r\u015fehir<span class=\"s3\"> Sulh Ceza H\u00e2kimli\u011fi taraf\u0131ndan tutukland\u0131 ve cezaevine g\u00f6nderildi.<\/span><\/p>\n<p>K\u0131r\u015fehir\u2019de cezaevindeki tutuklu m\u00fcvekkiline uyu\u015fturucu hap verdi\u011fi s\u0131rada g\u00fcvenlik kameralar\u0131na yakalanan kad\u0131n avukat tutukland\u0131.\u00a0<a href=\"https:\/\/www.son.tv\/avukat-uyusturucu-kuryesi-cikti\/\" target=\"_blank\" class=\"feedzy-rss-link-icon\">Read More<\/a><\/p>","protected":false},"excerpt":{"rendered":"<p>2019 y\u0131l\u0131nda K\u0131r\u015fehir Baro\u2019sundaki staj\u0131n\u0131 tamamlay\u0131p avukatl\u0131k yemini ederek mesle\u011fe ba\u015flad\u0131\u011f\u0131 \u00f6\u011frenilen Avukat Meltem Y\u0131lmaz K\u0131r\u015fehir Y\u00fcksek G\u00fcvenlikli Kapal\u0131 Ceza \u0130nfaz Kurumu\u2019nda yaralama ve ya\u011fma su\u00e7undan tutuklu bulunan m\u00fcvekkili A.K. ile g\u00f6r\u00fc\u015fmeye geldi. Cezaevinde yapt\u0131\u011f\u0131 g\u00f6r\u00fc\u015fmede i\u00e7 \u00e7ama\u015f\u0131r\u0131n\u0131n ask\u0131s\u0131na gizledi\u011fi pe\u00e7eteye sar\u0131l\u0131 uyu\u015fturucu haplar\u0131 vermeye \u00e7al\u0131\u015fan avukat g\u00fcvenlik kameralar\u0131 taraf\u0131ndan su\u00e7\u00fcst\u00fc yakaland\u0131. Cezaevi g\u00fcvenlik g\u00f6revlilerinin [&hellip;]<\/p>\n","protected":false},"author":1,"featured_media":0,"comment_status":"open","ping_status":"open","sticky":false,"template":"","format":"standard","meta":{"footnotes":"","_links_to":"","_links_to_target":""},"categories":[1],"tags":[],"class_list":["post-3565","post","type-post","status-publish","format-standard","hentry","category-haberler"],"_links":{"self":[{"href":"https:\/\/www.abchukuk.com\/index.php\/wp-json\/wp\/v2\/posts\/3565","targetHints":{"allow":["GET"]}}],"collection":[{"href":"https:\/\/www.abchukuk.com\/index.php\/wp-json\/wp\/v2\/posts"}],"about":[{"href":"https:\/\/www.abchukuk.com\/index.php\/wp-json\/wp\/v2\/types\/post"}],"author":[{"embeddable":true,"href":"https:\/\/www.abchukuk.com\/index.php\/wp-json\/wp\/v2\/users\/1"}],"replies":[{"embeddable":true,"href":"https:\/\/www.abchukuk.com\/index.php\/wp-json\/wp\/v2\/comments?post=3565"}],"version-history":[{"count":0,"href":"https:\/\/www.abchukuk.com\/index.php\/wp-json\/wp\/v2\/posts\/3565\/revisions"}],"wp:attachment":[{"href":"https:\/\/www.abchukuk.com\/index.php\/wp-json\/wp\/v2\/media?parent=3565"}],"wp:term":[{"taxonomy":"category","embeddable":true,"href":"https:\/\/www.abchukuk.com\/index.php\/wp-json\/wp\/v2\/categories?post=3565"},{"taxonomy":"post_tag","embeddable":true,"href":"https:\/\/www.abchukuk.com\/index.php\/wp-json\/wp\/v2\/tags?post=3565"}],"curies":[{"name":"wp","href":"https:\/\/api.w.org\/{rel}","templated":true}]}}