{"id":3563,"date":"2025-09-07T06:59:00","date_gmt":"2025-09-07T06:59:00","guid":{"rendered":"http:\/\/www.lopsssdoner.com\/index.php\/2025\/09\/07\/esra-erolun-programinda-mide-bulandiran-skandal-anne-itiraf-etti-mahkeme-serbest-birakti\/"},"modified":"2025-09-07T06:59:00","modified_gmt":"2025-09-07T06:59:00","slug":"esra-erolun-programinda-mide-bulandiran-skandal-anne-itiraf-etti-mahkeme-serbest-birakti","status":"publish","type":"post","link":"https:\/\/www.abchukuk.com\/index.php\/2025\/09\/07\/esra-erolun-programinda-mide-bulandiran-skandal-anne-itiraf-etti-mahkeme-serbest-birakti\/","title":{"rendered":"Esra Erol\u2019un Program\u0131nda Mide Buland\u0131ran Skandal! Anne \u0130tiraf Etti, Mahkeme Serbest B\u0131rakt\u0131"},"content":{"rendered":"<p><a href=\"https:\/\/www.gercekgundem.com\/guncel\/esra-erolun-programinda-mide-bulandiran-skandal-anne-itiraf-etti-mahkeme-serbest-birakti-13-yasindaki-cocuga-yapilan-kan-dondurdu-554279\"><br \/>\n                                                            <img decoding=\"async\" src=\"https:\/\/i.gercekgundem.com\/2\/150\/84\/storage\/files\/images\/2025\/09\/07\/esra-erolun-programinda-mide-bulandiran-skandal-anne-itiraf-etti-mahkeme-serbest-birakti-13-yasindaki-cocuga-yapilan-kan-dondurdu-cfzc.png\" width=\"150\" height=\"84\" border=\"0\" align=\"right\" \/><br \/>\n                                                    <\/a><\/p>\n<h4>Bursa \u0130neg\u00f6l\u2019de 13 ya\u015f\u0131ndaki bir \u00e7ocu\u011fun para kar\u015f\u0131l\u0131\u011f\u0131nda  \u2018evlendirildi\u011fi\u2019 iddias\u0131 kan dondurdu. ATV\u2019de Esra Erol\u2019un program\u0131nda annenin canl\u0131 yay\u0131ndaki itiraf\u0131 ihbar say\u0131ld\u0131. G\u00f6zalt\u0131na al\u0131nan 3 \u015f\u00fcphelinin serbest b\u0131rak\u0131lmas\u0131na tepkiler \u00e7\u0131\u011f gibi b\u00fcy\u00fcyor.<\/h4>\n<p>Bursa \u0130neg\u00f6l\u2019de 13 ya\u015f\u0131ndaki bir \u00e7ocu\u011fun para kar\u015f\u0131l\u0131\u011f\u0131nda  \u2018evlendirildi\u011fi\u2019 iddias\u0131 kan dondurdu. ATV\u2019de Esra Erol\u2019un program\u0131nda annenin canl\u0131 yay\u0131ndaki itiraf\u0131 ihbar say\u0131ld\u0131. G\u00f6zalt\u0131na al\u0131nan 3 \u015f\u00fcphelinin serbest b\u0131rak\u0131lmas\u0131na tepkiler \u00e7\u0131\u011f gibi b\u00fcy\u00fcyor.\u00a0<a href=\"https:\/\/www.gercekgundem.com\/guncel\/esra-erolun-programinda-mide-bulandiran-skandal-anne-itiraf-etti-mahkeme-serbest-birakti-13-yasindaki-cocuga-yapilan-kan-dondurdu-554279\" target=\"_blank\" class=\"feedzy-rss-link-icon\">Read More<\/a><\/p>","protected":false},"excerpt":{"rendered":"<p>Bursa \u0130neg\u00f6l\u2019de 13 ya\u015f\u0131ndaki bir \u00e7ocu\u011fun para kar\u015f\u0131l\u0131\u011f\u0131nda \u2018evlendirildi\u011fi\u2019 iddias\u0131 kan dondurdu. ATV\u2019de Esra Erol\u2019un program\u0131nda annenin canl\u0131 yay\u0131ndaki itiraf\u0131 ihbar say\u0131ld\u0131. G\u00f6zalt\u0131na al\u0131nan 3 \u015f\u00fcphelinin serbest b\u0131rak\u0131lmas\u0131na tepkiler \u00e7\u0131\u011f gibi b\u00fcy\u00fcyor. Bursa \u0130neg\u00f6l\u2019de 13 ya\u015f\u0131ndaki bir \u00e7ocu\u011fun para kar\u015f\u0131l\u0131\u011f\u0131nda \u2018evlendirildi\u011fi\u2019 iddias\u0131 kan dondurdu. ATV\u2019de Esra Erol\u2019un program\u0131nda annenin canl\u0131 yay\u0131ndaki itiraf\u0131 ihbar say\u0131ld\u0131. G\u00f6zalt\u0131na [&hellip;]<\/p>\n","protected":false},"author":1,"featured_media":3564,"comment_status":"open","ping_status":"open","sticky":false,"template":"","format":"standard","meta":{"footnotes":"","_links_to":"","_links_to_target":""},"categories":[1],"tags":[],"class_list":["post-3563","post","type-post","status-publish","format-standard","has-post-thumbnail","hentry","category-haberler"],"_links":{"self":[{"href":"https:\/\/www.abchukuk.com\/index.php\/wp-json\/wp\/v2\/posts\/3563","targetHints":{"allow":["GET"]}}],"collection":[{"href":"https:\/\/www.abchukuk.com\/index.php\/wp-json\/wp\/v2\/posts"}],"about":[{"href":"https:\/\/www.abchukuk.com\/index.php\/wp-json\/wp\/v2\/types\/post"}],"author":[{"embeddable":true,"href":"https:\/\/www.abchukuk.com\/index.php\/wp-json\/wp\/v2\/users\/1"}],"replies":[{"embeddable":true,"href":"https:\/\/www.abchukuk.com\/index.php\/wp-json\/wp\/v2\/comments?post=3563"}],"version-history":[{"count":0,"href":"https:\/\/www.abchukuk.com\/index.php\/wp-json\/wp\/v2\/posts\/3563\/revisions"}],"wp:featuredmedia":[{"embeddable":true,"href":"https:\/\/www.abchukuk.com\/index.php\/wp-json\/wp\/v2\/media\/3564"}],"wp:attachment":[{"href":"https:\/\/www.abchukuk.com\/index.php\/wp-json\/wp\/v2\/media?parent=3563"}],"wp:term":[{"taxonomy":"category","embeddable":true,"href":"https:\/\/www.abchukuk.com\/index.php\/wp-json\/wp\/v2\/categories?post=3563"},{"taxonomy":"post_tag","embeddable":true,"href":"https:\/\/www.abchukuk.com\/index.php\/wp-json\/wp\/v2\/tags?post=3563"}],"curies":[{"name":"wp","href":"https:\/\/api.w.org\/{rel}","templated":true}]}}