{"id":3560,"date":"2025-09-07T07:06:00","date_gmt":"2025-09-07T07:06:00","guid":{"rendered":"http:\/\/www.lopsssdoner.com\/index.php\/2025\/09\/07\/siyasetcilerin-avukatiydi-erden-arisoy-80-yasinda-hayatini-kaybetti\/"},"modified":"2025-09-07T07:06:00","modified_gmt":"2025-09-07T07:06:00","slug":"siyasetcilerin-avukatiydi-erden-arisoy-80-yasinda-hayatini-kaybetti","status":"publish","type":"post","link":"https:\/\/www.abchukuk.com\/index.php\/2025\/09\/07\/siyasetcilerin-avukatiydi-erden-arisoy-80-yasinda-hayatini-kaybetti\/","title":{"rendered":"Siyaset\u00e7ilerin avukat\u0131yd\u0131: Erden Ar\u0131soy, 80 ya\u015f\u0131nda hayat\u0131n\u0131 kaybetti"},"content":{"rendered":"<p>8. Cumhurba\u015fkan\u0131 Turgut \u00d6zal ile eski Ba\u015fbakan Mesut Y\u0131lmaz&#8217;\u0131n da aralar\u0131nda bulundu\u011fu bir\u00e7ok siyaset\u00e7inin avukatl\u0131\u011f\u0131n\u0131 yapan Erden Ar\u0131soy, 80 ya\u015f\u0131nda hayat\u0131n\u0131 kaybetti.8. Cumhurba\u015fkan\u0131 Turgut \u00d6zal ile eski Ba\u015fbakan Mesut Y\u0131lmaz&#8217;\u0131n da aralar\u0131nda bulundu\u011fu bir\u00e7ok siyaset\u00e7inin avukatl\u0131\u011f\u0131n\u0131 yapan Erden Ar\u0131soy, 80 ya\u015f\u0131nda hayat\u0131n\u0131 kaybetti.\u00a0<a href=\"https:\/\/www.cumhuriyet.com.tr\/siyaset\/siyasetcilerin-avukatiydi-erden-arisoy-80-yasinda-hayatini-kaybetti-2432913\" target=\"_blank\" class=\"feedzy-rss-link-icon\">Read More<\/a><\/p>","protected":false},"excerpt":{"rendered":"<p>8. Cumhurba\u015fkan\u0131 Turgut \u00d6zal ile eski Ba\u015fbakan Mesut Y\u0131lmaz&#8217;\u0131n da aralar\u0131nda bulundu\u011fu bir\u00e7ok siyaset\u00e7inin avukatl\u0131\u011f\u0131n\u0131 yapan Erden Ar\u0131soy, 80 ya\u015f\u0131nda hayat\u0131n\u0131 kaybetti.8. Cumhurba\u015fkan\u0131 Turgut \u00d6zal ile eski Ba\u015fbakan Mesut Y\u0131lmaz&#8217;\u0131n da aralar\u0131nda bulundu\u011fu bir\u00e7ok siyaset\u00e7inin avukatl\u0131\u011f\u0131n\u0131 yapan Erden Ar\u0131soy, 80 ya\u015f\u0131nda hayat\u0131n\u0131 kaybetti.\u00a0Read More<\/p>\n","protected":false},"author":1,"featured_media":3561,"comment_status":"open","ping_status":"open","sticky":false,"template":"","format":"standard","meta":{"footnotes":"","_links_to":"","_links_to_target":""},"categories":[1],"tags":[],"class_list":["post-3560","post","type-post","status-publish","format-standard","has-post-thumbnail","hentry","category-haberler"],"_links":{"self":[{"href":"https:\/\/www.abchukuk.com\/index.php\/wp-json\/wp\/v2\/posts\/3560","targetHints":{"allow":["GET"]}}],"collection":[{"href":"https:\/\/www.abchukuk.com\/index.php\/wp-json\/wp\/v2\/posts"}],"about":[{"href":"https:\/\/www.abchukuk.com\/index.php\/wp-json\/wp\/v2\/types\/post"}],"author":[{"embeddable":true,"href":"https:\/\/www.abchukuk.com\/index.php\/wp-json\/wp\/v2\/users\/1"}],"replies":[{"embeddable":true,"href":"https:\/\/www.abchukuk.com\/index.php\/wp-json\/wp\/v2\/comments?post=3560"}],"version-history":[{"count":0,"href":"https:\/\/www.abchukuk.com\/index.php\/wp-json\/wp\/v2\/posts\/3560\/revisions"}],"wp:featuredmedia":[{"embeddable":true,"href":"https:\/\/www.abchukuk.com\/index.php\/wp-json\/wp\/v2\/media\/3561"}],"wp:attachment":[{"href":"https:\/\/www.abchukuk.com\/index.php\/wp-json\/wp\/v2\/media?parent=3560"}],"wp:term":[{"taxonomy":"category","embeddable":true,"href":"https:\/\/www.abchukuk.com\/index.php\/wp-json\/wp\/v2\/categories?post=3560"},{"taxonomy":"post_tag","embeddable":true,"href":"https:\/\/www.abchukuk.com\/index.php\/wp-json\/wp\/v2\/tags?post=3560"}],"curies":[{"name":"wp","href":"https:\/\/api.w.org\/{rel}","templated":true}]}}