{"id":3558,"date":"2025-09-07T05:45:00","date_gmt":"2025-09-07T05:45:00","guid":{"rendered":"http:\/\/www.lopsssdoner.com\/index.php\/2025\/09\/07\/gozalti-karari-verilmisti-antalya-emniyet-muduru-ilker-arslan-teslim-oldu\/"},"modified":"2025-09-07T05:45:00","modified_gmt":"2025-09-07T05:45:00","slug":"gozalti-karari-verilmisti-antalya-emniyet-muduru-ilker-arslan-teslim-oldu","status":"publish","type":"post","link":"https:\/\/www.abchukuk.com\/index.php\/2025\/09\/07\/gozalti-karari-verilmisti-antalya-emniyet-muduru-ilker-arslan-teslim-oldu\/","title":{"rendered":"G\u00f6zalt\u0131 karar\u0131 verilmi\u015fti: Antalya Emniyet M\u00fcd\u00fcr\u00fc \u0130lker Arslan teslim oldu!"},"content":{"rendered":"<p>Antalya B\u00fcy\u00fck\u015fehir Belediye Ba\u015fkan\u0131 Muhittin B\u00f6cek soru\u015fturmas\u0131 kapsam\u0131nda g\u00f6revden uzakla\u015ft\u0131r\u0131lan ve g\u00f6zalt\u0131 karar\u0131 \u00e7\u0131kar\u0131lan Antalya \u0130l Emniyet M\u00fcd\u00fcr\u00fc \u0130lker Arslan, teslim oldu.Antalya B\u00fcy\u00fck\u015fehir Belediye Ba\u015fkan\u0131 Muhittin B\u00f6cek soru\u015fturmas\u0131 kapsam\u0131nda g\u00f6revden uzakla\u015ft\u0131r\u0131lan ve g\u00f6zalt\u0131 karar\u0131 \u00e7\u0131kar\u0131lan Antalya \u0130l Emniyet M\u00fcd\u00fcr\u00fc \u0130lker Arslan, teslim oldu.\u00a0<a href=\"https:\/\/www.cumhuriyet.com.tr\/turkiye\/gozalti-karari-verilmisti-antalya-emniyet-muduru-ilker-arslan-teslim-oldu-2432891\" target=\"_blank\" class=\"feedzy-rss-link-icon\">Read More<\/a><\/p>","protected":false},"excerpt":{"rendered":"<p>Antalya B\u00fcy\u00fck\u015fehir Belediye Ba\u015fkan\u0131 Muhittin B\u00f6cek soru\u015fturmas\u0131 kapsam\u0131nda g\u00f6revden uzakla\u015ft\u0131r\u0131lan ve g\u00f6zalt\u0131 karar\u0131 \u00e7\u0131kar\u0131lan Antalya \u0130l Emniyet M\u00fcd\u00fcr\u00fc \u0130lker Arslan, teslim oldu.Antalya B\u00fcy\u00fck\u015fehir Belediye Ba\u015fkan\u0131 Muhittin B\u00f6cek soru\u015fturmas\u0131 kapsam\u0131nda g\u00f6revden uzakla\u015ft\u0131r\u0131lan ve g\u00f6zalt\u0131 karar\u0131 \u00e7\u0131kar\u0131lan Antalya \u0130l Emniyet M\u00fcd\u00fcr\u00fc \u0130lker Arslan, teslim oldu.\u00a0Read More<\/p>\n","protected":false},"author":1,"featured_media":3559,"comment_status":"open","ping_status":"open","sticky":false,"template":"","format":"standard","meta":{"footnotes":"","_links_to":"","_links_to_target":""},"categories":[1],"tags":[],"class_list":["post-3558","post","type-post","status-publish","format-standard","has-post-thumbnail","hentry","category-haberler"],"_links":{"self":[{"href":"https:\/\/www.abchukuk.com\/index.php\/wp-json\/wp\/v2\/posts\/3558","targetHints":{"allow":["GET"]}}],"collection":[{"href":"https:\/\/www.abchukuk.com\/index.php\/wp-json\/wp\/v2\/posts"}],"about":[{"href":"https:\/\/www.abchukuk.com\/index.php\/wp-json\/wp\/v2\/types\/post"}],"author":[{"embeddable":true,"href":"https:\/\/www.abchukuk.com\/index.php\/wp-json\/wp\/v2\/users\/1"}],"replies":[{"embeddable":true,"href":"https:\/\/www.abchukuk.com\/index.php\/wp-json\/wp\/v2\/comments?post=3558"}],"version-history":[{"count":0,"href":"https:\/\/www.abchukuk.com\/index.php\/wp-json\/wp\/v2\/posts\/3558\/revisions"}],"wp:featuredmedia":[{"embeddable":true,"href":"https:\/\/www.abchukuk.com\/index.php\/wp-json\/wp\/v2\/media\/3559"}],"wp:attachment":[{"href":"https:\/\/www.abchukuk.com\/index.php\/wp-json\/wp\/v2\/media?parent=3558"}],"wp:term":[{"taxonomy":"category","embeddable":true,"href":"https:\/\/www.abchukuk.com\/index.php\/wp-json\/wp\/v2\/categories?post=3558"},{"taxonomy":"post_tag","embeddable":true,"href":"https:\/\/www.abchukuk.com\/index.php\/wp-json\/wp\/v2\/tags?post=3558"}],"curies":[{"name":"wp","href":"https:\/\/api.w.org\/{rel}","templated":true}]}}