{"id":3556,"date":"2025-09-07T06:11:00","date_gmt":"2025-09-07T06:11:00","guid":{"rendered":"http:\/\/www.lopsssdoner.com\/index.php\/2025\/09\/07\/alaattin-koseler-tekrar-tutuklandi-avukatindan-yeni-aciklama-sureci-takip-ediyoruz\/"},"modified":"2025-09-07T06:11:00","modified_gmt":"2025-09-07T06:11:00","slug":"alaattin-koseler-tekrar-tutuklandi-avukatindan-yeni-aciklama-sureci-takip-ediyoruz","status":"publish","type":"post","link":"https:\/\/www.abchukuk.com\/index.php\/2025\/09\/07\/alaattin-koseler-tekrar-tutuklandi-avukatindan-yeni-aciklama-sureci-takip-ediyoruz\/","title":{"rendered":"Alaattin K\u00f6seler tekrar tutukland\u0131&#8230; Avukat\u0131ndan yeni a\u00e7\u0131klama: &#8216;S\u00fcreci takip ediyoruz&#8217;"},"content":{"rendered":"<p>Beykoz Belediye Ba\u015fkan\u0131 Alaattin K\u00f6seler\u2019in tahliye edildikten bir g\u00fcn sonra tekrar tutuklanmas\u0131na ili\u015fkin avukat\u0131 \u00c7i\u011fdem Kezer a\u00e7\u0131klama yapt\u0131. Kezer, &#8220;Bizler T\u00fcrkiye Cumhuriyeti Devleti\u2019nin yan\u0131nda ve onun adalet mekanizmas\u0131na g\u00fcvenerek bu s\u00fcreci takip ediyoruz. Hukukun \u00fcst\u00fcnl\u00fc\u011f\u00fcne, devletimizin ba\u011f\u0131ms\u0131z yarg\u0131s\u0131na ve milletimizin de\u011ferlerine olan inanc\u0131m\u0131z tamd\u0131r&#8221; dedi.Beykoz Belediye Ba\u015fkan\u0131 Alaattin K\u00f6seler\u2019in tahliye edildikten bir g\u00fcn sonra tekrar tutuklanmas\u0131na ili\u015fkin avukat\u0131 \u00c7i\u011fdem Kezer a\u00e7\u0131klama yapt\u0131. Kezer, &#8220;Bizler T\u00fcrkiye Cumhuriyeti Devleti\u2019nin yan\u0131nda ve onun adalet mekanizmas\u0131na g\u00fcvenerek bu s\u00fcreci takip ediyoruz. Hukukun \u00fcst\u00fcnl\u00fc\u011f\u00fcne, devletimizin ba\u011f\u0131ms\u0131z yarg\u0131s\u0131na ve milletimizin de\u011ferlerine olan inanc\u0131m\u0131z tamd\u0131r&#8221; dedi.\u00a0<a href=\"https:\/\/www.cumhuriyet.com.tr\/siyaset\/alaattin-koseler-tekrar-tutuklandi-avukatindan-yeni-aciklama-sureci-takip-ediyoruz-2432894\" target=\"_blank\" class=\"feedzy-rss-link-icon\">Read More<\/a><\/p>","protected":false},"excerpt":{"rendered":"<p>Beykoz Belediye Ba\u015fkan\u0131 Alaattin K\u00f6seler\u2019in tahliye edildikten bir g\u00fcn sonra tekrar tutuklanmas\u0131na ili\u015fkin avukat\u0131 \u00c7i\u011fdem Kezer a\u00e7\u0131klama yapt\u0131. Kezer, &#8220;Bizler T\u00fcrkiye Cumhuriyeti Devleti\u2019nin yan\u0131nda ve onun adalet mekanizmas\u0131na g\u00fcvenerek bu s\u00fcreci takip ediyoruz. Hukukun \u00fcst\u00fcnl\u00fc\u011f\u00fcne, devletimizin ba\u011f\u0131ms\u0131z yarg\u0131s\u0131na ve milletimizin de\u011ferlerine olan inanc\u0131m\u0131z tamd\u0131r&#8221; dedi.Beykoz Belediye Ba\u015fkan\u0131 Alaattin K\u00f6seler\u2019in tahliye edildikten bir g\u00fcn sonra tekrar [&hellip;]<\/p>\n","protected":false},"author":1,"featured_media":3557,"comment_status":"open","ping_status":"open","sticky":false,"template":"","format":"standard","meta":{"footnotes":"","_links_to":"","_links_to_target":""},"categories":[1],"tags":[],"class_list":["post-3556","post","type-post","status-publish","format-standard","has-post-thumbnail","hentry","category-haberler"],"_links":{"self":[{"href":"https:\/\/www.abchukuk.com\/index.php\/wp-json\/wp\/v2\/posts\/3556","targetHints":{"allow":["GET"]}}],"collection":[{"href":"https:\/\/www.abchukuk.com\/index.php\/wp-json\/wp\/v2\/posts"}],"about":[{"href":"https:\/\/www.abchukuk.com\/index.php\/wp-json\/wp\/v2\/types\/post"}],"author":[{"embeddable":true,"href":"https:\/\/www.abchukuk.com\/index.php\/wp-json\/wp\/v2\/users\/1"}],"replies":[{"embeddable":true,"href":"https:\/\/www.abchukuk.com\/index.php\/wp-json\/wp\/v2\/comments?post=3556"}],"version-history":[{"count":0,"href":"https:\/\/www.abchukuk.com\/index.php\/wp-json\/wp\/v2\/posts\/3556\/revisions"}],"wp:featuredmedia":[{"embeddable":true,"href":"https:\/\/www.abchukuk.com\/index.php\/wp-json\/wp\/v2\/media\/3557"}],"wp:attachment":[{"href":"https:\/\/www.abchukuk.com\/index.php\/wp-json\/wp\/v2\/media?parent=3556"}],"wp:term":[{"taxonomy":"category","embeddable":true,"href":"https:\/\/www.abchukuk.com\/index.php\/wp-json\/wp\/v2\/categories?post=3556"},{"taxonomy":"post_tag","embeddable":true,"href":"https:\/\/www.abchukuk.com\/index.php\/wp-json\/wp\/v2\/tags?post=3556"}],"curies":[{"name":"wp","href":"https:\/\/api.w.org\/{rel}","templated":true}]}}