{"id":3554,"date":"2025-09-07T06:15:37","date_gmt":"2025-09-07T06:15:37","guid":{"rendered":"http:\/\/www.lopsssdoner.com\/index.php\/2025\/09\/07\/ozgur-ozel-kurultay-planini-anlatti-mahkemeden-mutlak-butlan-karari-gelirse-ne-olacak-yeni-parti-kuracak-mi\/"},"modified":"2025-09-07T06:15:37","modified_gmt":"2025-09-07T06:15:37","slug":"ozgur-ozel-kurultay-planini-anlatti-mahkemeden-mutlak-butlan-karari-gelirse-ne-olacak-yeni-parti-kuracak-mi","status":"publish","type":"post","link":"https:\/\/www.abchukuk.com\/index.php\/2025\/09\/07\/ozgur-ozel-kurultay-planini-anlatti-mahkemeden-mutlak-butlan-karari-gelirse-ne-olacak-yeni-parti-kuracak-mi\/","title":{"rendered":"\u00d6zg\u00fcr \u00d6zel &#8216;Kurultay&#8217; Plan\u0131n\u0131 Anlatt\u0131: Mahkemeden Mutlak Butlan Karar\u0131 Gelirse Ne Olacak? Yeni Parti Kuracak m\u0131?"},"content":{"rendered":"<p><a href=\"https:\/\/www.gercekgundem.com\/siyaset\/ozgur-ozel-kurultay-planini-anlatti-mahkemeden-butlan-karari-gelirse-ne-olacak-yeni-parti-kuracak-mi-554272\"><br \/>\n                                                            <img decoding=\"async\" src=\"https:\/\/i.gercekgundem.com\/2\/150\/84\/storage\/files\/images\/2025\/09\/07\/ozgur-ozel-kurultay-planini-anlatti-mahkemeden-butlan-karari-gelirse-ne-olacak-yeni-parti-kuracak-mi-gxaf.jpg\" width=\"150\" height=\"84\" border=\"0\" align=\"right\" \/><br \/>\n                                                    <\/a><\/p>\n<h4>21 Eyl\u00fcl\u2019de ola\u011fan\u00fcst\u00fc kurultay karar\u0131 alan CHP lideri \u00d6zg\u00fcr \u00d6zel, s\u00fcre\u00e7le alakal\u0131 a\u00e7\u0131klamalar yapt\u0131. \u00d6zel, 15 Eyl\u00fcl\u2019de mahkemeden mutlak butlan karar\u0131 \u00e7\u0131ksa bile kayy\u0131m\u0131n kurultay\u0131 durdurma yetkisinin olmad\u0131\u011f\u0131n\u0131 s\u00f6yledi. \u00d6zel, Z Plan\u0131 olarak yeni parti kuraca\u011f\u0131 iddialar\u0131n\u0131 ise yalanlad\u0131. CHP lideri, parti i\u00e7inde hem hukuki hem siyasi m\u00fccadele s\u00fcrd\u00fcrd\u00fcklerini ifade ederek &#8220;Partiyi kimseye b\u0131rakmaya niyetimiz yok&#8221; dedi.<\/h4>\n<p>21 Eyl\u00fcl\u2019de ola\u011fan\u00fcst\u00fc kurultay karar\u0131 alan CHP lideri \u00d6zg\u00fcr \u00d6zel, s\u00fcre\u00e7le alakal\u0131 a\u00e7\u0131klamalar yapt\u0131. \u00d6zel, 15 Eyl\u00fcl\u2019de mahkemeden mutlak butlan karar\u0131 \u00e7\u0131ksa bile kayy\u0131m\u0131n kurultay\u0131 durdurma yetkisinin olmad\u0131\u011f\u0131n\u0131 s\u00f6yledi. \u00d6zel, Z Plan\u0131 olarak yeni parti kuraca\u011f\u0131 iddialar\u0131n\u0131 ise yalanlad\u0131. CHP lideri, parti i\u00e7inde hem hukuki hem siyasi m\u00fccadele s\u00fcrd\u00fcrd\u00fcklerini ifade ederek &#8220;Partiyi kimseye b\u0131rakmaya niyetimiz yok&#8221; dedi.\u00a0<a href=\"https:\/\/www.gercekgundem.com\/siyaset\/ozgur-ozel-kurultay-planini-anlatti-mahkemeden-butlan-karari-gelirse-ne-olacak-yeni-parti-kuracak-mi-554272\" target=\"_blank\" class=\"feedzy-rss-link-icon\">Read More<\/a><\/p>","protected":false},"excerpt":{"rendered":"<p>21 Eyl\u00fcl\u2019de ola\u011fan\u00fcst\u00fc kurultay karar\u0131 alan CHP lideri \u00d6zg\u00fcr \u00d6zel, s\u00fcre\u00e7le alakal\u0131 a\u00e7\u0131klamalar yapt\u0131. \u00d6zel, 15 Eyl\u00fcl\u2019de mahkemeden mutlak butlan karar\u0131 \u00e7\u0131ksa bile kayy\u0131m\u0131n kurultay\u0131 durdurma yetkisinin olmad\u0131\u011f\u0131n\u0131 s\u00f6yledi. \u00d6zel, Z Plan\u0131 olarak yeni parti kuraca\u011f\u0131 iddialar\u0131n\u0131 ise yalanlad\u0131. CHP lideri, parti i\u00e7inde hem hukuki hem siyasi m\u00fccadele s\u00fcrd\u00fcrd\u00fcklerini ifade ederek &#8220;Partiyi kimseye b\u0131rakmaya niyetimiz [&hellip;]<\/p>\n","protected":false},"author":1,"featured_media":3555,"comment_status":"open","ping_status":"open","sticky":false,"template":"","format":"standard","meta":{"footnotes":"","_links_to":"","_links_to_target":""},"categories":[1],"tags":[],"class_list":["post-3554","post","type-post","status-publish","format-standard","has-post-thumbnail","hentry","category-haberler"],"_links":{"self":[{"href":"https:\/\/www.abchukuk.com\/index.php\/wp-json\/wp\/v2\/posts\/3554","targetHints":{"allow":["GET"]}}],"collection":[{"href":"https:\/\/www.abchukuk.com\/index.php\/wp-json\/wp\/v2\/posts"}],"about":[{"href":"https:\/\/www.abchukuk.com\/index.php\/wp-json\/wp\/v2\/types\/post"}],"author":[{"embeddable":true,"href":"https:\/\/www.abchukuk.com\/index.php\/wp-json\/wp\/v2\/users\/1"}],"replies":[{"embeddable":true,"href":"https:\/\/www.abchukuk.com\/index.php\/wp-json\/wp\/v2\/comments?post=3554"}],"version-history":[{"count":0,"href":"https:\/\/www.abchukuk.com\/index.php\/wp-json\/wp\/v2\/posts\/3554\/revisions"}],"wp:featuredmedia":[{"embeddable":true,"href":"https:\/\/www.abchukuk.com\/index.php\/wp-json\/wp\/v2\/media\/3555"}],"wp:attachment":[{"href":"https:\/\/www.abchukuk.com\/index.php\/wp-json\/wp\/v2\/media?parent=3554"}],"wp:term":[{"taxonomy":"category","embeddable":true,"href":"https:\/\/www.abchukuk.com\/index.php\/wp-json\/wp\/v2\/categories?post=3554"},{"taxonomy":"post_tag","embeddable":true,"href":"https:\/\/www.abchukuk.com\/index.php\/wp-json\/wp\/v2\/tags?post=3554"}],"curies":[{"name":"wp","href":"https:\/\/api.w.org\/{rel}","templated":true}]}}