{"id":3552,"date":"2025-09-07T05:13:00","date_gmt":"2025-09-07T05:13:00","guid":{"rendered":"http:\/\/www.lopsssdoner.com\/index.php\/2025\/09\/07\/savcilik-tahliyesine-itiraz-etmisti-beykoz-belediye-baskani-alaattin-koseler-yeniden-tutuklandi\/"},"modified":"2025-09-07T05:13:00","modified_gmt":"2025-09-07T05:13:00","slug":"savcilik-tahliyesine-itiraz-etmisti-beykoz-belediye-baskani-alaattin-koseler-yeniden-tutuklandi","status":"publish","type":"post","link":"https:\/\/www.abchukuk.com\/index.php\/2025\/09\/07\/savcilik-tahliyesine-itiraz-etmisti-beykoz-belediye-baskani-alaattin-koseler-yeniden-tutuklandi\/","title":{"rendered":"Savc\u0131l\u0131k Tahliyesine \u0130tiraz Etmi\u015fti: Beykoz Belediye Ba\u015fkan\u0131 Alaattin K\u00f6seler Yeniden Tutukland\u0131"},"content":{"rendered":"<p><a href=\"https:\/\/www.gercekgundem.com\/guncel\/savcilik-tahliyesine-itiraz-etmisti-beykoz-belediye-baskani-alaattin-koseler-yeniden-tutuklandi-554269\"><br \/>\n                                                            <img decoding=\"async\" src=\"https:\/\/i.gercekgundem.com\/2\/150\/84\/storage\/files\/images\/2025\/09\/07\/savcilik-tahliyesine-itiraz-etmisti-beykoz-belediye-baskani-alaattin-koseler-yeniden-tutuklandi-ali1.jpg\" width=\"150\" height=\"84\" border=\"0\" align=\"right\" \/><br \/>\n                                                    <\/a><\/p>\n<h4>G\u00f6revden uzakla\u015ft\u0131r\u0131lan Beykoz Belediye Ba\u015fkan\u0131 Alaattin K\u00f6seler&#8217;in de aralar\u0131nda bulundu\u011fu 5 san\u0131\u011f\u0131n yarg\u0131land\u0131\u011f\u0131 davada, tahliye olmalar\u0131na savc\u0131l\u0131\u011f\u0131n itiraz etmesi \u00fczerine K\u00f6seler ve \u00f6zel kalem m\u00fcd\u00fcr\u00fc Veli G\u00fcm\u00fc\u015f ile Havva Dindar tekrar tutuklanarak cezaevine g\u00f6nderildi.<\/h4>\n<p>G\u00f6revden uzakla\u015ft\u0131r\u0131lan Beykoz Belediye Ba\u015fkan\u0131 Alaattin K\u00f6seler&#8217;in de aralar\u0131nda bulundu\u011fu 5 san\u0131\u011f\u0131n yarg\u0131land\u0131\u011f\u0131 davada, tahliye olmalar\u0131na savc\u0131l\u0131\u011f\u0131n itiraz etmesi \u00fczerine K\u00f6seler ve \u00f6zel kalem m\u00fcd\u00fcr\u00fc Veli G\u00fcm\u00fc\u015f ile Havva Dindar tekrar tutuklanarak cezaevine g\u00f6nderildi.\u00a0<a href=\"https:\/\/www.gercekgundem.com\/guncel\/savcilik-tahliyesine-itiraz-etmisti-beykoz-belediye-baskani-alaattin-koseler-yeniden-tutuklandi-554269\" target=\"_blank\" class=\"feedzy-rss-link-icon\">Read More<\/a><\/p>","protected":false},"excerpt":{"rendered":"<p>G\u00f6revden uzakla\u015ft\u0131r\u0131lan Beykoz Belediye Ba\u015fkan\u0131 Alaattin K\u00f6seler&#8217;in de aralar\u0131nda bulundu\u011fu 5 san\u0131\u011f\u0131n yarg\u0131land\u0131\u011f\u0131 davada, tahliye olmalar\u0131na savc\u0131l\u0131\u011f\u0131n itiraz etmesi \u00fczerine K\u00f6seler ve \u00f6zel kalem m\u00fcd\u00fcr\u00fc Veli G\u00fcm\u00fc\u015f ile Havva Dindar tekrar tutuklanarak cezaevine g\u00f6nderildi. G\u00f6revden uzakla\u015ft\u0131r\u0131lan Beykoz Belediye Ba\u015fkan\u0131 Alaattin K\u00f6seler&#8217;in de aralar\u0131nda bulundu\u011fu 5 san\u0131\u011f\u0131n yarg\u0131land\u0131\u011f\u0131 davada, tahliye olmalar\u0131na savc\u0131l\u0131\u011f\u0131n itiraz etmesi \u00fczerine K\u00f6seler [&hellip;]<\/p>\n","protected":false},"author":1,"featured_media":3553,"comment_status":"open","ping_status":"open","sticky":false,"template":"","format":"standard","meta":{"footnotes":"","_links_to":"","_links_to_target":""},"categories":[1],"tags":[],"class_list":["post-3552","post","type-post","status-publish","format-standard","has-post-thumbnail","hentry","category-haberler"],"_links":{"self":[{"href":"https:\/\/www.abchukuk.com\/index.php\/wp-json\/wp\/v2\/posts\/3552","targetHints":{"allow":["GET"]}}],"collection":[{"href":"https:\/\/www.abchukuk.com\/index.php\/wp-json\/wp\/v2\/posts"}],"about":[{"href":"https:\/\/www.abchukuk.com\/index.php\/wp-json\/wp\/v2\/types\/post"}],"author":[{"embeddable":true,"href":"https:\/\/www.abchukuk.com\/index.php\/wp-json\/wp\/v2\/users\/1"}],"replies":[{"embeddable":true,"href":"https:\/\/www.abchukuk.com\/index.php\/wp-json\/wp\/v2\/comments?post=3552"}],"version-history":[{"count":0,"href":"https:\/\/www.abchukuk.com\/index.php\/wp-json\/wp\/v2\/posts\/3552\/revisions"}],"wp:featuredmedia":[{"embeddable":true,"href":"https:\/\/www.abchukuk.com\/index.php\/wp-json\/wp\/v2\/media\/3553"}],"wp:attachment":[{"href":"https:\/\/www.abchukuk.com\/index.php\/wp-json\/wp\/v2\/media?parent=3552"}],"wp:term":[{"taxonomy":"category","embeddable":true,"href":"https:\/\/www.abchukuk.com\/index.php\/wp-json\/wp\/v2\/categories?post=3552"},{"taxonomy":"post_tag","embeddable":true,"href":"https:\/\/www.abchukuk.com\/index.php\/wp-json\/wp\/v2\/tags?post=3552"}],"curies":[{"name":"wp","href":"https:\/\/api.w.org\/{rel}","templated":true}]}}