{"id":3550,"date":"2025-09-07T01:00:00","date_gmt":"2025-09-07T01:00:00","guid":{"rendered":"http:\/\/www.lopsssdoner.com\/index.php\/2025\/09\/07\/izmirde-cezaevi-firarisi-bosanma-asamasindaki-esini-oldurdu-gulsum-icin-adaleti-aramaya-kararlilar\/"},"modified":"2025-09-07T01:00:00","modified_gmt":"2025-09-07T01:00:00","slug":"izmirde-cezaevi-firarisi-bosanma-asamasindaki-esini-oldurdu-gulsum-icin-adaleti-aramaya-kararlilar","status":"publish","type":"post","link":"https:\/\/www.abchukuk.com\/index.php\/2025\/09\/07\/izmirde-cezaevi-firarisi-bosanma-asamasindaki-esini-oldurdu-gulsum-icin-adaleti-aramaya-kararlilar\/","title":{"rendered":"\u0130zmir\u2019de cezaevi firarisi, bo\u015fanma a\u015famas\u0131ndaki e\u015fini \u00f6ld\u00fcrd\u00fc: G\u00fcls\u00fcm i\u00e7in adaleti aramaya kararl\u0131lar"},"content":{"rendered":"<p>Konak\u2019ta e\u015fini b\u0131\u00e7aklayarak \u00f6ld\u00fcren Sedat Merto\u011flu\u2019nun yarg\u0131land\u0131\u011f\u0131 davada savc\u0131, san\u0131\u011fa \u201ccanavarca hisle, tasarlayarak e\u015fe kar\u015f\u0131 kasten \u00f6ld\u00fcrme\u201d su\u00e7undan ceza istedi. \u00d6nce \u00c7ocuklar ve Kad\u0131nlar Derne\u011fi avukat\u0131 Asl\u0131 A\u011far, \u201cKad\u0131nlar bo\u015fanmak istedikleri i\u00e7in \u00f6ld\u00fcr\u00fcl\u00fcyor. Bo\u015fanmak hakt\u0131r\u201d dedi.Konak\u2019ta e\u015fini b\u0131\u00e7aklayarak \u00f6ld\u00fcren Sedat Merto\u011flu\u2019nun yarg\u0131land\u0131\u011f\u0131 davada savc\u0131, san\u0131\u011fa \u201ccanavarca hisle, tasarlayarak e\u015fe kar\u015f\u0131 kasten \u00f6ld\u00fcrme\u201d su\u00e7undan ceza istedi. \u00d6nce \u00c7ocuklar ve Kad\u0131nlar Derne\u011fi avukat\u0131 Asl\u0131 A\u011far, \u201cKad\u0131nlar bo\u015fanmak istedikleri i\u00e7in \u00f6ld\u00fcr\u00fcl\u00fcyor. Bo\u015fanmak hakt\u0131r\u201d dedi.\u00a0<a href=\"https:\/\/www.cumhuriyet.com.tr\/turkiye\/izmir-de-cezaevi-firarisi-bosanma-asamasindaki-esini-oldurdu-gulsum-icin-adaleti-aramaya-kararlilar-2432880\" target=\"_blank\" class=\"feedzy-rss-link-icon\">Read More<\/a><\/p>","protected":false},"excerpt":{"rendered":"<p>Konak\u2019ta e\u015fini b\u0131\u00e7aklayarak \u00f6ld\u00fcren Sedat Merto\u011flu\u2019nun yarg\u0131land\u0131\u011f\u0131 davada savc\u0131, san\u0131\u011fa \u201ccanavarca hisle, tasarlayarak e\u015fe kar\u015f\u0131 kasten \u00f6ld\u00fcrme\u201d su\u00e7undan ceza istedi. \u00d6nce \u00c7ocuklar ve Kad\u0131nlar Derne\u011fi avukat\u0131 Asl\u0131 A\u011far, \u201cKad\u0131nlar bo\u015fanmak istedikleri i\u00e7in \u00f6ld\u00fcr\u00fcl\u00fcyor. Bo\u015fanmak hakt\u0131r\u201d dedi.Konak\u2019ta e\u015fini b\u0131\u00e7aklayarak \u00f6ld\u00fcren Sedat Merto\u011flu\u2019nun yarg\u0131land\u0131\u011f\u0131 davada savc\u0131, san\u0131\u011fa \u201ccanavarca hisle, tasarlayarak e\u015fe kar\u015f\u0131 kasten \u00f6ld\u00fcrme\u201d su\u00e7undan ceza istedi. [&hellip;]<\/p>\n","protected":false},"author":1,"featured_media":3551,"comment_status":"open","ping_status":"open","sticky":false,"template":"","format":"standard","meta":{"footnotes":"","_links_to":"","_links_to_target":""},"categories":[1],"tags":[],"class_list":["post-3550","post","type-post","status-publish","format-standard","has-post-thumbnail","hentry","category-haberler"],"_links":{"self":[{"href":"https:\/\/www.abchukuk.com\/index.php\/wp-json\/wp\/v2\/posts\/3550","targetHints":{"allow":["GET"]}}],"collection":[{"href":"https:\/\/www.abchukuk.com\/index.php\/wp-json\/wp\/v2\/posts"}],"about":[{"href":"https:\/\/www.abchukuk.com\/index.php\/wp-json\/wp\/v2\/types\/post"}],"author":[{"embeddable":true,"href":"https:\/\/www.abchukuk.com\/index.php\/wp-json\/wp\/v2\/users\/1"}],"replies":[{"embeddable":true,"href":"https:\/\/www.abchukuk.com\/index.php\/wp-json\/wp\/v2\/comments?post=3550"}],"version-history":[{"count":0,"href":"https:\/\/www.abchukuk.com\/index.php\/wp-json\/wp\/v2\/posts\/3550\/revisions"}],"wp:featuredmedia":[{"embeddable":true,"href":"https:\/\/www.abchukuk.com\/index.php\/wp-json\/wp\/v2\/media\/3551"}],"wp:attachment":[{"href":"https:\/\/www.abchukuk.com\/index.php\/wp-json\/wp\/v2\/media?parent=3550"}],"wp:term":[{"taxonomy":"category","embeddable":true,"href":"https:\/\/www.abchukuk.com\/index.php\/wp-json\/wp\/v2\/categories?post=3550"},{"taxonomy":"post_tag","embeddable":true,"href":"https:\/\/www.abchukuk.com\/index.php\/wp-json\/wp\/v2\/tags?post=3550"}],"curies":[{"name":"wp","href":"https:\/\/api.w.org\/{rel}","templated":true}]}}