{"id":3547,"date":"2025-09-07T01:00:00","date_gmt":"2025-09-07T01:00:00","guid":{"rendered":"http:\/\/www.lopsssdoner.com\/index.php\/2025\/09\/07\/mahkeme-mutlak-butlan-karari-verse-bile-yeni-yonetim-en-fazla-alti-gun-kalabilecek-kayyuma-kurultay-surprizi\/"},"modified":"2025-09-07T01:00:00","modified_gmt":"2025-09-07T01:00:00","slug":"mahkeme-mutlak-butlan-karari-verse-bile-yeni-yonetim-en-fazla-alti-gun-kalabilecek-kayyuma-kurultay-surprizi","status":"publish","type":"post","link":"https:\/\/www.abchukuk.com\/index.php\/2025\/09\/07\/mahkeme-mutlak-butlan-karari-verse-bile-yeni-yonetim-en-fazla-alti-gun-kalabilecek-kayyuma-kurultay-surprizi\/","title":{"rendered":"Mahkeme mutlak butlan karar\u0131 verse bile yeni y\u00f6netim en fazla alt\u0131 g\u00fcn kalabilecek: Kayyuma kurultay s\u00fcrprizi"},"content":{"rendered":"<p>Yarg\u0131 operasyonlar\u0131 ve kayyum tart\u0131\u015fmalar\u0131 s\u00fcrerken CHP, bu y\u0131l ikinci kez ola\u011fan\u00fcst\u00fc kurultaya gidiyor. Delegelerin toplad\u0131\u011f\u0131 bine yak\u0131n imzayla al\u0131nan karara g\u00f6re kurultay 21 Eyl\u00fcl\u2019de yap\u0131lacak.Yarg\u0131 operasyonlar\u0131 ve kayyum tart\u0131\u015fmalar\u0131 s\u00fcrerken CHP, bu y\u0131l ikinci kez ola\u011fan\u00fcst\u00fc kurultaya gidiyor. Delegelerin toplad\u0131\u011f\u0131 bine yak\u0131n imzayla al\u0131nan karara g\u00f6re kurultay 21 Eyl\u00fcl\u2019de yap\u0131lacak.\u00a0<a href=\"https:\/\/www.cumhuriyet.com.tr\/siyaset\/mahkeme-mutlak-butlan-karari-verse-bile-yeni-yonetim-en-fazla-alti-gun-kalabilecek-kayyuma-kurultay-surprizi-2432875\" target=\"_blank\" class=\"feedzy-rss-link-icon\">Read More<\/a><\/p>","protected":false},"excerpt":{"rendered":"<p>Yarg\u0131 operasyonlar\u0131 ve kayyum tart\u0131\u015fmalar\u0131 s\u00fcrerken CHP, bu y\u0131l ikinci kez ola\u011fan\u00fcst\u00fc kurultaya gidiyor. Delegelerin toplad\u0131\u011f\u0131 bine yak\u0131n imzayla al\u0131nan karara g\u00f6re kurultay 21 Eyl\u00fcl\u2019de yap\u0131lacak.Yarg\u0131 operasyonlar\u0131 ve kayyum tart\u0131\u015fmalar\u0131 s\u00fcrerken CHP, bu y\u0131l ikinci kez ola\u011fan\u00fcst\u00fc kurultaya gidiyor. Delegelerin toplad\u0131\u011f\u0131 bine yak\u0131n imzayla al\u0131nan karara g\u00f6re kurultay 21 Eyl\u00fcl\u2019de yap\u0131lacak.\u00a0Read More<\/p>\n","protected":false},"author":1,"featured_media":3548,"comment_status":"open","ping_status":"open","sticky":false,"template":"","format":"standard","meta":{"footnotes":"","_links_to":"","_links_to_target":""},"categories":[1],"tags":[],"class_list":["post-3547","post","type-post","status-publish","format-standard","has-post-thumbnail","hentry","category-haberler"],"_links":{"self":[{"href":"https:\/\/www.abchukuk.com\/index.php\/wp-json\/wp\/v2\/posts\/3547","targetHints":{"allow":["GET"]}}],"collection":[{"href":"https:\/\/www.abchukuk.com\/index.php\/wp-json\/wp\/v2\/posts"}],"about":[{"href":"https:\/\/www.abchukuk.com\/index.php\/wp-json\/wp\/v2\/types\/post"}],"author":[{"embeddable":true,"href":"https:\/\/www.abchukuk.com\/index.php\/wp-json\/wp\/v2\/users\/1"}],"replies":[{"embeddable":true,"href":"https:\/\/www.abchukuk.com\/index.php\/wp-json\/wp\/v2\/comments?post=3547"}],"version-history":[{"count":0,"href":"https:\/\/www.abchukuk.com\/index.php\/wp-json\/wp\/v2\/posts\/3547\/revisions"}],"wp:featuredmedia":[{"embeddable":true,"href":"https:\/\/www.abchukuk.com\/index.php\/wp-json\/wp\/v2\/media\/3548"}],"wp:attachment":[{"href":"https:\/\/www.abchukuk.com\/index.php\/wp-json\/wp\/v2\/media?parent=3547"}],"wp:term":[{"taxonomy":"category","embeddable":true,"href":"https:\/\/www.abchukuk.com\/index.php\/wp-json\/wp\/v2\/categories?post=3547"},{"taxonomy":"post_tag","embeddable":true,"href":"https:\/\/www.abchukuk.com\/index.php\/wp-json\/wp\/v2\/tags?post=3547"}],"curies":[{"name":"wp","href":"https:\/\/api.w.org\/{rel}","templated":true}]}}